{"id":12901,"date":"2019-08-19T03:00:34","date_gmt":"2019-08-19T01:00:34","guid":{"rendered":"https:\/\/cfdfeaservice.it\/index.php\/2019\/08\/19\/ponte-morandi-le-parole-del-ministro-ad-un-anno-dalla-tragedia\/"},"modified":"2019-08-19T03:00:34","modified_gmt":"2019-08-19T01:00:34","slug":"ponte-morandi-le-parole-del-ministro-ad-un-anno-dalla-tragedia","status":"publish","type":"post","link":"https:\/\/cfdfeaservice.it\/index.php\/2019\/08\/19\/ponte-morandi-le-parole-del-ministro-ad-un-anno-dalla-tragedia\/","title":{"rendered":"Ponte Morandi, le parole del Ministro ad un anno dalla tragedia"},"content":{"rendered":"<div>\n<p>Ad un anno di distanza dalla tragedia del Ponte Morandi di Genova, queste le parole che il ministro ha scritto sul suo profilo Facebook in un post relativo alla cerimonia in ricordo delle vittime, che riportiamo:<\/p>\n<p>\u201c\u00c8 passato un anno da quel maledetto giorno che ha cambiato la vita a un intero Paese, quel giorno in cui il Ponte Morandi \u00e8 crollato portandosi via 43 vite e un intero quartiere. Ricordo che ero in macchina con i miei figli e mia moglie. Stavo guidando, quando il telefono ha iniziato a squillare all\u2019impazzata. Era chiaro fosse accaduto qualcosa.<\/p>\n<h3>Ho accostato, ho preso in mano il telefono ed \u00e8 partito un video. L\u2019ho guardato e riguardato. Era accaduto ci\u00f2 che non sarebbe mai dovuto accadere.<\/h3>\n<blockquote>\n<p>\u00c8 da quel preciso momento che ho, abbiamo, messo testa e cuore su un obiettivo doveroso: far risollevare dalle macerie una citt\u00e0 ferita, Genova, e con lei un intero Paese.\u00a0 Ho, abbiamo, fatto tutto ci\u00f2 che era nelle nostre possibilit\u00e0. Questa battaglia mi \u00e8 costata molto: mi sono messo contro l\u2019intero sistema politico, mediatico, affaristico italiano e per questo hanno cercato in ogni modo di screditarmi, di descrivermi come non sono. Ma rifarei comunque tutto ci\u00f2 che ho fatto, altre cento, mille volte. Perch\u00e9 l\u2019ho fatto per i genovesi e per tutti i cittadini.<\/p>\n<\/blockquote>\n<p>Ora, a distanza di un anno esatto sono qui a Genova, per ricordare le vittime di quella tragica mattina e stare al fianco dei familiari.\u00a0 Nessuno potr\u00e0 mai cancellare il dolore per le 43 vittime, n\u00e9 la paura che si \u00e8 diffusa in tutto il Paese. Ma a un anno esatto dal crollo del Morandi, Genova \u00e8 gi\u00e0 tornata in piedi.<\/p>\n<h3>E questo pensiero, che mi rende orgoglioso del lavoro che abbiamo fatto, lenisce lo sconforto. Sono vicino ai genovesi e lo sar\u00f2 per sempre. Ne ho incontrati molti in questo anno, dagli ex sfollati che oggi hanno tutti una nuova casa, agli imprenditori che hanno ricevuto ristoro per i danni subiti.<\/h3>\n<p>Il nuovo ponte lo pagher\u00e0 chi lo ha fatto crollare per bramosia di denaro. Per questo ho cambiato il modello di gestione delle concessioni autostradali. E ora s\u00ec che devono fare manutenzione. Questo lo abbiamo fatto in un anno. Questo lo abbiamo fatto per Genova e per l\u2019Italia intera. E questo continueremo a fare\u201d.<\/p>\n<p>L&#8217;articolo <a rel=\"nofollow\" href=\"https:\/\/www.unioneingegneri.com\/ponte-morandi-le-parole-del-ministro-ad-un-anno-dalla-tragedia\/\">Ponte Morandi, le parole del Ministro ad un anno dalla tragedia<\/a> proviene da <a rel=\"nofollow\" href=\"https:\/\/www.unioneingegneri.com\/\">Unione Geometri<\/a>.<\/p>\n<\/div>\n<p><a href=\"https:\/\/www.unionearchitetti.com\/ponte-morandi-le-parole-del-ministro-ad-un-anno-dalla-tragedia\">Vai alla fonte.<\/a><\/p>\n<p>Autore: Mauro Melis<\/p>\n<p class=\"wpematico_credit\"><small>Powered by <a href=\"http:\/\/www.wpematico.com\" target=\"_blank\" rel=\"noopener noreferrer\">WPeMatico<\/a><\/small><\/p>\n<p><strong>_________________________________<\/strong><\/p>\n<p><strong>CFD FEA Service SRL<\/strong> &egrave; una societ&agrave; di servizi che offre <em>consulenza<\/em> e <em>formazione<\/em> in ambito <strong>ingegneria<\/strong> e <strong>IT<\/strong>. Se questo post\/prodotto ti &egrave; piaciuto ti invitiamo a:<\/p>\n<ul>\n<li>visionare il nostro <a href=\"https:\/\/cfdfeaservice.it\/index.php\/blog\/\" target=\"_blank\" rel=\"noopener\">blog<\/a><\/li>\n<li>visionare i <a href=\"https:\/\/cfdfeaservice.it\/index.php\/prodotti\/\" target=\"_blank\" rel=\"noopener\">software<\/a> disponibili - anche per la formazione<\/li>\n<li>iscriverti alla nostra newsletter<\/li>\n<li>entrare in contatto con noi attraverso la <a href=\"https:\/\/cfdfeaservice.it\/#ribbon\" target=\"_blank\" rel=\"noopener\">pagina contatti<\/a><\/li>\n<\/ul>\n<p>Saremo lieti di seguire le tue richieste e fornire risposte alle tue domande.<\/p>","protected":false},"excerpt":{"rendered":"<p>Ad un anno di distanza dalla tragedia del Ponte Morandi di Genova, queste le parole che il ministro ha scritto sul suo profilo Facebook in un post relativo alla cerimonia in ricordo delle vittime, che riportiamo: \u201c\u00c8 passato un anno da quel maledetto giorno che ha cambiato la vita a [&hellip;]<\/p>\n","protected":false},"author":8,"featured_media":0,"comment_status":"closed","ping_status":"closed","sticky":false,"template":"","format":"standard","meta":{"jetpack_post_was_ever_published":false,"_jetpack_newsletter_access":"","_jetpack_dont_email_post_to_subs":false,"_jetpack_newsletter_tier_id":0,"_jetpack_memberships_contains_paywalled_content":false,"_jetpack_memberships_contains_paid_content":false,"footnotes":""},"categories":[57],"tags":[],"class_list":["post-12901","post","type-post","status-publish","format-standard","hentry","category-normativa"],"yoast_head":"<!-- This site is optimized with the Yoast SEO plugin v26.8 - https:\/\/yoast.com\/product\/yoast-seo-wordpress\/ -->\n<title>Ponte Morandi, le parole del Ministro ad un anno dalla tragedia - CFD FEA\/FEM Service<\/title>\n<meta name=\"robots\" content=\"index, follow, max-snippet:-1, max-image-preview:large, max-video-preview:-1\" \/>\n<link rel=\"canonical\" href=\"https:\/\/cfdfeaservice.it\/index.php\/2019\/08\/19\/ponte-morandi-le-parole-del-ministro-ad-un-anno-dalla-tragedia\/\" \/>\n<meta property=\"og:locale\" content=\"en_GB\" \/>\n<meta property=\"og:type\" content=\"article\" \/>\n<meta property=\"og:title\" content=\"Ponte Morandi, le parole del Ministro ad un anno dalla tragedia - CFD FEA\/FEM Service\" \/>\n<meta property=\"og:description\" content=\"Ad un anno di distanza dalla tragedia del Ponte Morandi di Genova, queste le parole che il ministro ha scritto sul suo profilo Facebook in un post relativo alla cerimonia in ricordo delle vittime, che riportiamo: \u201c\u00c8 passato un anno da quel maledetto giorno che ha cambiato la vita a [&hellip;]\" \/>\n<meta property=\"og:url\" content=\"https:\/\/cfdfeaservice.it\/index.php\/2019\/08\/19\/ponte-morandi-le-parole-del-ministro-ad-un-anno-dalla-tragedia\/\" \/>\n<meta property=\"og:site_name\" content=\"CFD FEA\/FEM Service\" \/>\n<meta property=\"article:publisher\" content=\"https:\/\/www.facebook.com\/cfdfeaservice\" \/>\n<meta property=\"article:published_time\" content=\"2019-08-19T01:00:34+00:00\" \/>\n<meta name=\"author\" content=\"CFD FEA SERVICE\" \/>\n<meta name=\"twitter:card\" content=\"summary_large_image\" \/>\n<meta name=\"twitter:label1\" content=\"Written by\" \/>\n\t<meta name=\"twitter:data1\" content=\"CFD FEA SERVICE\" \/>\n\t<meta name=\"twitter:label2\" content=\"Estimated reading time\" \/>\n\t<meta name=\"twitter:data2\" content=\"2 minutes\" \/>\n<script type=\"application\/ld+json\" class=\"yoast-schema-graph\">{\"@context\":\"https:\/\/schema.org\",\"@graph\":[{\"@type\":\"Article\",\"@id\":\"https:\/\/cfdfeaservice.it\/index.php\/2019\/08\/19\/ponte-morandi-le-parole-del-ministro-ad-un-anno-dalla-tragedia\/#article\",\"isPartOf\":{\"@id\":\"https:\/\/cfdfeaservice.it\/index.php\/2019\/08\/19\/ponte-morandi-le-parole-del-ministro-ad-un-anno-dalla-tragedia\/\"},\"author\":{\"name\":\"CFD FEA SERVICE\",\"@id\":\"https:\/\/cfdfeaservice.it\/#\/schema\/person\/c3b6ebdd7f80794fe6e6657f2f5335e7\"},\"headline\":\"Ponte Morandi, le parole del Ministro ad un anno dalla tragedia\",\"datePublished\":\"2019-08-19T01:00:34+00:00\",\"mainEntityOfPage\":{\"@id\":\"https:\/\/cfdfeaservice.it\/index.php\/2019\/08\/19\/ponte-morandi-le-parole-del-ministro-ad-un-anno-dalla-tragedia\/\"},\"wordCount\":416,\"publisher\":{\"@id\":\"https:\/\/cfdfeaservice.it\/#organization\"},\"articleSection\":[\"Normativa\"],\"inLanguage\":\"en-GB\"},{\"@type\":\"WebPage\",\"@id\":\"https:\/\/cfdfeaservice.it\/index.php\/2019\/08\/19\/ponte-morandi-le-parole-del-ministro-ad-un-anno-dalla-tragedia\/\",\"url\":\"https:\/\/cfdfeaservice.it\/index.php\/2019\/08\/19\/ponte-morandi-le-parole-del-ministro-ad-un-anno-dalla-tragedia\/\",\"name\":\"Ponte Morandi, le parole del Ministro ad un anno dalla tragedia - CFD FEA\/FEM Service\",\"isPartOf\":{\"@id\":\"https:\/\/cfdfeaservice.it\/#website\"},\"datePublished\":\"2019-08-19T01:00:34+00:00\",\"breadcrumb\":{\"@id\":\"https:\/\/cfdfeaservice.it\/index.php\/2019\/08\/19\/ponte-morandi-le-parole-del-ministro-ad-un-anno-dalla-tragedia\/#breadcrumb\"},\"inLanguage\":\"en-GB\",\"potentialAction\":[{\"@type\":\"ReadAction\",\"target\":[\"https:\/\/cfdfeaservice.it\/index.php\/2019\/08\/19\/ponte-morandi-le-parole-del-ministro-ad-un-anno-dalla-tragedia\/\"]}]},{\"@type\":\"BreadcrumbList\",\"@id\":\"https:\/\/cfdfeaservice.it\/index.php\/2019\/08\/19\/ponte-morandi-le-parole-del-ministro-ad-un-anno-dalla-tragedia\/#breadcrumb\",\"itemListElement\":[{\"@type\":\"ListItem\",\"position\":1,\"name\":\"Home\",\"item\":\"https:\/\/cfdfeaservice.it\/\"},{\"@type\":\"ListItem\",\"position\":2,\"name\":\"Ponte Morandi, le parole del Ministro ad un anno dalla tragedia\"}]},{\"@type\":\"WebSite\",\"@id\":\"https:\/\/cfdfeaservice.it\/#website\",\"url\":\"https:\/\/cfdfeaservice.it\/\",\"name\":\"CFD FEA\/FEM Service\",\"description\":\"Servizi di ingegneria 4.0\",\"publisher\":{\"@id\":\"https:\/\/cfdfeaservice.it\/#organization\"},\"potentialAction\":[{\"@type\":\"SearchAction\",\"target\":{\"@type\":\"EntryPoint\",\"urlTemplate\":\"https:\/\/cfdfeaservice.it\/?s={search_term_string}\"},\"query-input\":{\"@type\":\"PropertyValueSpecification\",\"valueRequired\":true,\"valueName\":\"search_term_string\"}}],\"inLanguage\":\"en-GB\"},{\"@type\":\"Organization\",\"@id\":\"https:\/\/cfdfeaservice.it\/#organization\",\"name\":\"CFD FEA SERVICE SRL\",\"url\":\"https:\/\/cfdfeaservice.it\/\",\"logo\":{\"@type\":\"ImageObject\",\"inLanguage\":\"en-GB\",\"@id\":\"https:\/\/cfdfeaservice.it\/#\/schema\/logo\/image\/\",\"url\":\"https:\/\/i2.wp.com\/cfdfeaservice.it\/wp-content\/uploads\/2018\/07\/CFD-FEA-SERVICE-Compact.png?fit=677%2C178&ssl=1\",\"contentUrl\":\"https:\/\/i2.wp.com\/cfdfeaservice.it\/wp-content\/uploads\/2018\/07\/CFD-FEA-SERVICE-Compact.png?fit=677%2C178&ssl=1\",\"width\":677,\"height\":178,\"caption\":\"CFD FEA SERVICE SRL\"},\"image\":{\"@id\":\"https:\/\/cfdfeaservice.it\/#\/schema\/logo\/image\/\"},\"sameAs\":[\"https:\/\/www.facebook.com\/cfdfeaservice\",\"https:\/\/www.linkedin.com\/company\/11421185\/\",\"https:\/\/www.youtube.com\/channel\/UCr2h1DbpsNDKJSBAgeWMbfA\"]},{\"@type\":\"Person\",\"@id\":\"https:\/\/cfdfeaservice.it\/#\/schema\/person\/c3b6ebdd7f80794fe6e6657f2f5335e7\",\"name\":\"CFD FEA SERVICE\",\"image\":{\"@type\":\"ImageObject\",\"inLanguage\":\"en-GB\",\"@id\":\"https:\/\/cfdfeaservice.it\/#\/schema\/person\/image\/\",\"url\":\"https:\/\/secure.gravatar.com\/avatar\/a34dbcf675cd4152f1184664b3adcb72?s=96&d=mm&r=g\",\"contentUrl\":\"https:\/\/secure.gravatar.com\/avatar\/a34dbcf675cd4152f1184664b3adcb72?s=96&d=mm&r=g\",\"caption\":\"CFD FEA SERVICE\"},\"url\":\"https:\/\/cfdfeaservice.it\/index.php\/author\/cfd-fea-service\/\"}]}<\/script>\n<!-- \/ Yoast SEO plugin. -->","yoast_head_json":{"title":"Ponte Morandi, le parole del Ministro ad un anno dalla tragedia - CFD FEA\/FEM Service","robots":{"index":"index","follow":"follow","max-snippet":"max-snippet:-1","max-image-preview":"max-image-preview:large","max-video-preview":"max-video-preview:-1"},"canonical":"https:\/\/cfdfeaservice.it\/index.php\/2019\/08\/19\/ponte-morandi-le-parole-del-ministro-ad-un-anno-dalla-tragedia\/","og_locale":"en_GB","og_type":"article","og_title":"Ponte Morandi, le parole del Ministro ad un anno dalla tragedia - CFD FEA\/FEM Service","og_description":"Ad un anno di distanza dalla tragedia del Ponte Morandi di Genova, queste le parole che il ministro ha scritto sul suo profilo Facebook in un post relativo alla cerimonia in ricordo delle vittime, che riportiamo: \u201c\u00c8 passato un anno da quel maledetto giorno che ha cambiato la vita a [&hellip;]","og_url":"https:\/\/cfdfeaservice.it\/index.php\/2019\/08\/19\/ponte-morandi-le-parole-del-ministro-ad-un-anno-dalla-tragedia\/","og_site_name":"CFD FEA\/FEM Service","article_publisher":"https:\/\/www.facebook.com\/cfdfeaservice","article_published_time":"2019-08-19T01:00:34+00:00","author":"CFD FEA SERVICE","twitter_card":"summary_large_image","twitter_misc":{"Written by":"CFD FEA SERVICE","Estimated reading time":"2 minutes"},"schema":{"@context":"https:\/\/schema.org","@graph":[{"@type":"Article","@id":"https:\/\/cfdfeaservice.it\/index.php\/2019\/08\/19\/ponte-morandi-le-parole-del-ministro-ad-un-anno-dalla-tragedia\/#article","isPartOf":{"@id":"https:\/\/cfdfeaservice.it\/index.php\/2019\/08\/19\/ponte-morandi-le-parole-del-ministro-ad-un-anno-dalla-tragedia\/"},"author":{"name":"CFD FEA SERVICE","@id":"https:\/\/cfdfeaservice.it\/#\/schema\/person\/c3b6ebdd7f80794fe6e6657f2f5335e7"},"headline":"Ponte Morandi, le parole del Ministro ad un anno dalla tragedia","datePublished":"2019-08-19T01:00:34+00:00","mainEntityOfPage":{"@id":"https:\/\/cfdfeaservice.it\/index.php\/2019\/08\/19\/ponte-morandi-le-parole-del-ministro-ad-un-anno-dalla-tragedia\/"},"wordCount":416,"publisher":{"@id":"https:\/\/cfdfeaservice.it\/#organization"},"articleSection":["Normativa"],"inLanguage":"en-GB"},{"@type":"WebPage","@id":"https:\/\/cfdfeaservice.it\/index.php\/2019\/08\/19\/ponte-morandi-le-parole-del-ministro-ad-un-anno-dalla-tragedia\/","url":"https:\/\/cfdfeaservice.it\/index.php\/2019\/08\/19\/ponte-morandi-le-parole-del-ministro-ad-un-anno-dalla-tragedia\/","name":"Ponte Morandi, le parole del Ministro ad un anno dalla tragedia - CFD FEA\/FEM Service","isPartOf":{"@id":"https:\/\/cfdfeaservice.it\/#website"},"datePublished":"2019-08-19T01:00:34+00:00","breadcrumb":{"@id":"https:\/\/cfdfeaservice.it\/index.php\/2019\/08\/19\/ponte-morandi-le-parole-del-ministro-ad-un-anno-dalla-tragedia\/#breadcrumb"},"inLanguage":"en-GB","potentialAction":[{"@type":"ReadAction","target":["https:\/\/cfdfeaservice.it\/index.php\/2019\/08\/19\/ponte-morandi-le-parole-del-ministro-ad-un-anno-dalla-tragedia\/"]}]},{"@type":"BreadcrumbList","@id":"https:\/\/cfdfeaservice.it\/index.php\/2019\/08\/19\/ponte-morandi-le-parole-del-ministro-ad-un-anno-dalla-tragedia\/#breadcrumb","itemListElement":[{"@type":"ListItem","position":1,"name":"Home","item":"https:\/\/cfdfeaservice.it\/"},{"@type":"ListItem","position":2,"name":"Ponte Morandi, le parole del Ministro ad un anno dalla tragedia"}]},{"@type":"WebSite","@id":"https:\/\/cfdfeaservice.it\/#website","url":"https:\/\/cfdfeaservice.it\/","name":"CFD FEA\/FEM Service","description":"Servizi di ingegneria 4.0","publisher":{"@id":"https:\/\/cfdfeaservice.it\/#organization"},"potentialAction":[{"@type":"SearchAction","target":{"@type":"EntryPoint","urlTemplate":"https:\/\/cfdfeaservice.it\/?s={search_term_string}"},"query-input":{"@type":"PropertyValueSpecification","valueRequired":true,"valueName":"search_term_string"}}],"inLanguage":"en-GB"},{"@type":"Organization","@id":"https:\/\/cfdfeaservice.it\/#organization","name":"CFD FEA SERVICE SRL","url":"https:\/\/cfdfeaservice.it\/","logo":{"@type":"ImageObject","inLanguage":"en-GB","@id":"https:\/\/cfdfeaservice.it\/#\/schema\/logo\/image\/","url":"https:\/\/i2.wp.com\/cfdfeaservice.it\/wp-content\/uploads\/2018\/07\/CFD-FEA-SERVICE-Compact.png?fit=677%2C178&ssl=1","contentUrl":"https:\/\/i2.wp.com\/cfdfeaservice.it\/wp-content\/uploads\/2018\/07\/CFD-FEA-SERVICE-Compact.png?fit=677%2C178&ssl=1","width":677,"height":178,"caption":"CFD FEA SERVICE SRL"},"image":{"@id":"https:\/\/cfdfeaservice.it\/#\/schema\/logo\/image\/"},"sameAs":["https:\/\/www.facebook.com\/cfdfeaservice","https:\/\/www.linkedin.com\/company\/11421185\/","https:\/\/www.youtube.com\/channel\/UCr2h1DbpsNDKJSBAgeWMbfA"]},{"@type":"Person","@id":"https:\/\/cfdfeaservice.it\/#\/schema\/person\/c3b6ebdd7f80794fe6e6657f2f5335e7","name":"CFD FEA SERVICE","image":{"@type":"ImageObject","inLanguage":"en-GB","@id":"https:\/\/cfdfeaservice.it\/#\/schema\/person\/image\/","url":"https:\/\/secure.gravatar.com\/avatar\/a34dbcf675cd4152f1184664b3adcb72?s=96&d=mm&r=g","contentUrl":"https:\/\/secure.gravatar.com\/avatar\/a34dbcf675cd4152f1184664b3adcb72?s=96&d=mm&r=g","caption":"CFD FEA SERVICE"},"url":"https:\/\/cfdfeaservice.it\/index.php\/author\/cfd-fea-service\/"}]}},"jetpack_featured_media_url":"","jetpack_shortlink":"https:\/\/wp.me\/p9JrPq-3m5","jetpack_sharing_enabled":true,"_links":{"self":[{"href":"https:\/\/cfdfeaservice.it\/index.php\/wp-json\/wp\/v2\/posts\/12901","targetHints":{"allow":["GET"]}}],"collection":[{"href":"https:\/\/cfdfeaservice.it\/index.php\/wp-json\/wp\/v2\/posts"}],"about":[{"href":"https:\/\/cfdfeaservice.it\/index.php\/wp-json\/wp\/v2\/types\/post"}],"author":[{"embeddable":true,"href":"https:\/\/cfdfeaservice.it\/index.php\/wp-json\/wp\/v2\/users\/8"}],"replies":[{"embeddable":true,"href":"https:\/\/cfdfeaservice.it\/index.php\/wp-json\/wp\/v2\/comments?post=12901"}],"version-history":[{"count":0,"href":"https:\/\/cfdfeaservice.it\/index.php\/wp-json\/wp\/v2\/posts\/12901\/revisions"}],"wp:attachment":[{"href":"https:\/\/cfdfeaservice.it\/index.php\/wp-json\/wp\/v2\/media?parent=12901"}],"wp:term":[{"taxonomy":"category","embeddable":true,"href":"https:\/\/cfdfeaservice.it\/index.php\/wp-json\/wp\/v2\/categories?post=12901"},{"taxonomy":"post_tag","embeddable":true,"href":"https:\/\/cfdfeaservice.it\/index.php\/wp-json\/wp\/v2\/tags?post=12901"}],"curies":[{"name":"wp","href":"https:\/\/api.w.org\/{rel}","templated":true}]}}