{"id":13289,"date":"2019-09-02T03:02:09","date_gmt":"2019-09-02T01:02:09","guid":{"rendered":"https:\/\/cfdfeaservice.it\/index.php\/2019\/09\/02\/nuova-sede-produttiva-per-i-giunti-industriali-rw\/"},"modified":"2019-09-02T03:02:09","modified_gmt":"2019-09-02T01:02:09","slug":"nuova-sede-produttiva-per-i-giunti-industriali-rw","status":"publish","type":"post","link":"https:\/\/cfdfeaservice.it\/index.php\/2019\/09\/02\/nuova-sede-produttiva-per-i-giunti-industriali-rw\/","title":{"rendered":"Nuova sede produttiva per i giunti industriali R+W"},"content":{"rendered":"<div>\n<div style=\"margin: 5px 5% 10px 5%;\"><img data-recalc-dims=\"1\" loading=\"lazy\" decoding=\"async\" src=\"https:\/\/i0.wp.com\/www.ilprogettistaindustriale.it\/files\/2019\/09\/Foto-1-nuova-sede-RW.jpg?resize=750%2C524&#038;ssl=1\" width=\"750\" height=\"524\" title=\"\" alt=\"\"><\/div>\n<div>\n<p><em>A W\u00f6rth am Main, lungo le rive del Meno, nasce la nuova sede di R+W, azienda leader nel segmento dei giunti industriali e di precisione: nuovi spazi moderni e funzionali dedicati all\u2019amministrazione e alla produzione, sempre pi\u00f9 orientata alle soluzioni su misura.<\/em><\/p>\n<p>A poche centinaia di metri dall\u2019attuale sede, <a href=\"https:\/\/www.rw-italia.it\/\" target=\"_blank\" rel=\"noopener noreferrer\">R+W<\/a> ha acquistato un\u2019area di circa 6.500 metri quadri nella zona industriale di Weidenhecken. La nuova sede di R+W che sorger\u00e0 in quest\u2019area avr\u00e0 2.500 metri quadri dedicati alla produzione e 1.000 mq di uffici. \u201cLa nuova sede ci fornir\u00e0 condizioni ideali per crescere, grazie alle maggiori dimensioni e alle caratteristiche progettuali, sviluppate in modo specifico per le nostre esigenze. La nostra capacit\u00e0 produttiva di giunti industriali e di precisione potr\u00e0 crescere rapidamente in modo significativo, un\u2019espansione che si \u00e8 resa necessaria a seguito della forte crescita registrata negli ultimi anni\u201d, spiega il direttore commerciale Frank Kronm\u00fcller. La fase progettuale si \u00e8 completata e i permessi sono stati richiesti. L\u2019azienda Goldbeck GmbH si \u00e8 aggiudicata il ruolo di <em>general contractor<\/em> per la costruzione: grazie alla considerevole esperienza di questo operatore nel settore degli edifici industriali e destinati a uffici, \u00e8 stata concordata una tabella di marcia molto ambiziosa che porter\u00e0 l\u2019edificio a essere completato un anno dopo l\u2019inizio dei lavori. Lo spostamento \u00e8 stato progettato in accordo con la casa madre Poppe + Potthoff GmbH, che ha sede a Werther, in Vestfalia. Con un investimento totale di oltre 8 milioni di euro, il gruppo a gestione familiare mostra un chiaro impegno nei confronti della regione e dei dipendenti di R+W. L\u2019industria meccanica \u00e8 in forte espansione, quindi la strada \u00e8 segnata e va nella direzione di un\u2019ulteriore crescita. Oltre a investire in nuovi uffici, spazi produttivi e impianti, R+W sta espandendo il proprio organico in Germania e sui mercati internazionali e investendo nello sviluppo dei prodotti.<\/p>\n<p><strong>Una sede su misura per le necessit\u00e0 dell\u2019azienda<\/strong><\/p>\n<p><img data-recalc-dims=\"1\" loading=\"lazy\" decoding=\"async\" class=\"size-medium wp-image-20901 alignright\" src=\"https:\/\/i0.wp.com\/www.ilprogettistaindustriale.it\/files\/2019\/09\/Foto-3-RW-giunti-di-trasmissione-e-di-prercisione-300x156.jpg?resize=300%2C156&#038;ssl=1\" alt=\"\" width=\"300\" height=\"156\" srcset=\"https:\/\/www.ilprogettistaindustriale.it\/files\/2019\/09\/Foto-3-RW-giunti-di-trasmissione-e-di-prercisione-300x156.jpg 300w, https:\/\/www.ilprogettistaindustriale.it\/files\/2019\/09\/Foto-3-RW-giunti-di-trasmissione-e-di-prercisione-768x400.jpg 768w, https:\/\/www.ilprogettistaindustriale.it\/files\/2019\/09\/Foto-3-RW-giunti-di-trasmissione-e-di-prercisione-1024x533.jpg 1024w, https:\/\/www.ilprogettistaindustriale.it\/files\/2019\/09\/Foto-3-RW-giunti-di-trasmissione-e-di-prercisione-696x363.jpg 696w, https:\/\/www.ilprogettistaindustriale.it\/files\/2019\/09\/Foto-3-RW-giunti-di-trasmissione-e-di-prercisione-1068x556.jpg 1068w, https:\/\/www.ilprogettistaindustriale.it\/files\/2019\/09\/Foto-3-RW-giunti-di-trasmissione-e-di-prercisione-806x420.jpg 806w\" sizes=\"auto, (max-width: 300px) 100vw, 300px\">Il quartier generale attuale a Klingenberg am Main \u00e8 ormai troppo piccolo, nonostante l\u2019aggiunta di spazi produttivi e uffici presi in affitto. \u201cIl nuovo edificio ci permetter\u00e0 di creare processi e strutture su misura per le nostre esigenze. Accorpare le unit\u00e0 produttive e far crescere contestualmente il parco macchinari aiuta a ottimizzare il flusso dei materiali. Questo ci permetter\u00e0 di aumentare efficienza e produzione di giunti industriali e di precisione in modo significativo,\u201d spiega Holger Vogt, Responsabile delle Operazioni. \u201cAllo stesso tempo, offriremo un luogo di lavoro attraente e servizi efficienti ai dipendenti, senza che debbano sobbarcarsi lunghe trasferte in pi\u00f9, considerando la vicinanza con la precedente sede.\u201d L\u2019attenzione ai dipendenti \u00e8 centrale: l\u2019azienda prender\u00e0 in maggior considerazione gli aspetti ergonomici delle nuove postazioni e ottimizzer\u00e0 la sicurezza sul lavoro, aumentando cos\u00ec l\u2019investimento nella salute di tutti i dipendenti. La nuova sede aiuter\u00e0 R+W a implementare obiettivi strategici e rispondere alla crescente domanda per i propri prodotti e servizi, rimanendo una delle principali aziende produttrici di giunti industriali e di precisione e rafforzando ulteriormente la presenza sul territorio.<\/p>\n<p><strong>Prodotti su misura per le esigenze dei clienti<\/strong><\/p>\n<p><img data-recalc-dims=\"1\" loading=\"lazy\" decoding=\"async\" class=\"size-medium wp-image-20899 alignright\" src=\"https:\/\/i0.wp.com\/www.ilprogettistaindustriale.it\/files\/2019\/09\/Foto-2-RW-giunto-su-misura-300x273.jpg?resize=300%2C273&#038;ssl=1\" alt=\"\" width=\"300\" height=\"273\" srcset=\"https:\/\/www.ilprogettistaindustriale.it\/files\/2019\/09\/Foto-2-RW-giunto-su-misura-300x273.jpg 300w, https:\/\/www.ilprogettistaindustriale.it\/files\/2019\/09\/Foto-2-RW-giunto-su-misura-768x699.jpg 768w, https:\/\/www.ilprogettistaindustriale.it\/files\/2019\/09\/Foto-2-RW-giunto-su-misura-1024x932.jpg 1024w, https:\/\/www.ilprogettistaindustriale.it\/files\/2019\/09\/Foto-2-RW-giunto-su-misura-696x634.jpg 696w, https:\/\/www.ilprogettistaindustriale.it\/files\/2019\/09\/Foto-2-RW-giunto-su-misura-1068x972.jpg 1068w, https:\/\/www.ilprogettistaindustriale.it\/files\/2019\/09\/Foto-2-RW-giunto-su-misura-461x420.jpg 461w\" sizes=\"auto, (max-width: 300px) 100vw, 300px\">Se la sede di W\u00f6rth am Main \u00e8 stata studiata con in mente le specifiche necessit\u00e0 aziendali, i prodotti che verranno creati nei nuovi reparti saranno sempre pi\u00f9 spesso progettati ad hoc per le esigenze delle aziende clienti: l\u2019importanza delle soluzioni su misura rispetto ai prodotti standard continua infatti a crescere. La gamma R+W comprende una notevole quantit\u00e0 di prodotti molto performanti che forniscono opzioni e caratteristiche adatte alla maggior parte delle applicazioni in materia di trasmissioni di potenza. Ma l\u2019offerta di R+W va oltre. Gli operatori di tutti i settori industriali concordano sulla crescente importanza delle soluzioni customizzate. Lo sviluppo di queste soluzioni \u00e8 quindi diventato un aspetto quotidiano dell\u2019attivit\u00e0 per i produttori di componenti. Maggiore \u00e8 la specificit\u00e0 del giunto per una particolare applicazione, pi\u00f9 contribuisce all\u2019efficienza e sicurezza dei processi produttivi. L\u2019importante per il cliente \u00e8 che il giunto selezionato abbia le caratteristiche progettuali giuste per la sua applicazione e che offra una trasmissione, o limitazione, del rapporto di coppia affidabile e precisa. Per questo i giunti sono sempre pi\u00f9 spesso realizzati su misura in base alle specifiche dei clienti. Sono disponibili con diverse configurazioni: bilanciati (statici o dinamici), con flange di assemblaggio o montaggio con calettatura, con mozzi di serraggio, saldati (per valori di coppia alti o temperature elevate) e altro ancora. In altri casi si arriva alla configurazione su misura semplicemente combinando fra loro prodotti standard esistenti. Detto con le parole di Hermann Hesse, \u201d Affinch\u00e9 si realizzi il possibile, si deve sempre tentare l\u2019impossibile\u201d; per questo sviluppare soluzioni su misura \u00e8 fondamentale per un produttore di giunti esperto come R+W.<\/p>\n<p><em>R+W Italia si propone sul mercato come partner ideale per la fornitura di giunti, alberi di trasmissione\u00a0e limitatori di coppia\u00a0standard e speciali, sviluppati su specifica richiesta del cliente. L\u2019azienda mette inoltre la propria esperienza e competenza a disposizione dei progettisti per studiare le esigenze e identificare il giunto ideale per ogni applicazione fra una gamma di soluzioni costantemente aggiornata e sempre all\u2019avanguardia: potrete contare su #progettiSicuri con R+W.<\/em><\/p>\n<\/div>\n<p>L&#8217;articolo <a rel=\"nofollow\" href=\"https:\/\/www.ilprogettistaindustriale.it\/nuova-sede-produttiva-per-i-giunti-industriali-rw\/\">Nuova sede produttiva per i giunti industriali R+W<\/a> sembra essere il primo su <a rel=\"nofollow\" href=\"https:\/\/www.ilprogettistaindustriale.it\/\">Il Progettista Industriale<\/a>.<\/p>\n<\/div>\n<p><a href=\"https:\/\/www.ilprogettistaindustriale.it\/nuova-sede-produttiva-per-i-giunti-industriali-rw\/\">Vai alla fonte.<\/a><\/p>\n<p>Autore: Redazione<\/p>\n<p class=\"wpematico_credit\"><small>Powered by <a href=\"http:\/\/www.wpematico.com\" target=\"_blank\" rel=\"noopener noreferrer\">WPeMatico<\/a><\/small><\/p>\n<p><strong>_________________________________<\/strong><\/p>\n<p><strong>CFD FEA Service SRL<\/strong> &egrave; una societ&agrave; di servizi che offre <em>consulenza<\/em> e <em>formazione<\/em> in ambito <strong>ingegneria<\/strong> e <strong>IT<\/strong>. Se questo post\/prodotto ti &egrave; piaciuto ti invitiamo a:<\/p>\n<ul>\n<li>visionare il nostro <a href=\"https:\/\/cfdfeaservice.it\/index.php\/blog\/\" target=\"_blank\" rel=\"noopener\">blog<\/a><\/li>\n<li>visionare i <a href=\"https:\/\/cfdfeaservice.it\/index.php\/prodotti\/\" target=\"_blank\" rel=\"noopener\">software<\/a> disponibili - anche per la formazione<\/li>\n<li>iscriverti alla nostra newsletter<\/li>\n<li>entrare in contatto con noi attraverso la <a href=\"https:\/\/cfdfeaservice.it\/#ribbon\" target=\"_blank\" rel=\"noopener\">pagina contatti<\/a><\/li>\n<\/ul>\n<p>Saremo lieti di seguire le tue richieste e fornire risposte alle tue domande.<\/p>","protected":false},"excerpt":{"rendered":"<p>A W\u00f6rth am Main, lungo le rive del Meno, nasce la nuova sede di R+W, azienda leader nel segmento dei giunti industriali e di precisione: nuovi spazi moderni e funzionali dedicati all\u2019amministrazione e alla produzione, sempre pi\u00f9 orientata alle soluzioni su misura. A poche centinaia di metri dall\u2019attuale sede, R+W [&hellip;]<\/p>\n","protected":false},"author":8,"featured_media":13290,"comment_status":"closed","ping_status":"closed","sticky":false,"template":"","format":"standard","meta":{"jetpack_post_was_ever_published":false,"_jetpack_newsletter_access":"","_jetpack_dont_email_post_to_subs":false,"_jetpack_newsletter_tier_id":0,"_jetpack_memberships_contains_paywalled_content":false,"_jetpack_memberships_contains_paid_content":false,"footnotes":""},"categories":[57],"tags":[],"class_list":["post-13289","post","type-post","status-publish","format-standard","has-post-thumbnail","hentry","category-normativa"],"yoast_head":"<!-- This site is optimized with the Yoast SEO plugin v26.8 - https:\/\/yoast.com\/product\/yoast-seo-wordpress\/ -->\n<title>Nuova sede produttiva per i giunti industriali R+W - CFD FEA\/FEM Service<\/title>\n<meta name=\"robots\" content=\"index, follow, max-snippet:-1, max-image-preview:large, max-video-preview:-1\" \/>\n<link rel=\"canonical\" href=\"https:\/\/cfdfeaservice.it\/index.php\/2019\/09\/02\/nuova-sede-produttiva-per-i-giunti-industriali-rw\/\" \/>\n<meta property=\"og:locale\" content=\"en_GB\" \/>\n<meta property=\"og:type\" content=\"article\" \/>\n<meta property=\"og:title\" content=\"Nuova sede produttiva per i giunti industriali R+W - CFD FEA\/FEM Service\" \/>\n<meta property=\"og:description\" content=\"A W\u00f6rth am Main, lungo le rive del Meno, nasce la nuova sede di R+W, azienda leader nel segmento dei giunti industriali e di precisione: nuovi spazi moderni e funzionali dedicati all\u2019amministrazione e alla produzione, sempre pi\u00f9 orientata alle soluzioni su misura. A poche centinaia di metri dall\u2019attuale sede, R+W [&hellip;]\" \/>\n<meta property=\"og:url\" content=\"https:\/\/cfdfeaservice.it\/index.php\/2019\/09\/02\/nuova-sede-produttiva-per-i-giunti-industriali-rw\/\" \/>\n<meta property=\"og:site_name\" content=\"CFD FEA\/FEM Service\" \/>\n<meta property=\"article:publisher\" content=\"https:\/\/www.facebook.com\/cfdfeaservice\" \/>\n<meta property=\"article:published_time\" content=\"2019-09-02T01:02:09+00:00\" \/>\n<meta property=\"og:image\" content=\"https:\/\/i2.wp.com\/cfdfeaservice.it\/wp-content\/uploads\/2019\/09\/Foto-1-nuova-sede-RW.jpg?fit=1500%2C1048&ssl=1\" \/>\n\t<meta property=\"og:image:width\" content=\"1500\" \/>\n\t<meta property=\"og:image:height\" content=\"1048\" \/>\n\t<meta property=\"og:image:type\" content=\"image\/jpeg\" \/>\n<meta name=\"author\" content=\"CFD FEA SERVICE\" \/>\n<meta name=\"twitter:card\" content=\"summary_large_image\" \/>\n<meta name=\"twitter:label1\" content=\"Written by\" \/>\n\t<meta name=\"twitter:data1\" content=\"CFD FEA SERVICE\" \/>\n\t<meta name=\"twitter:label2\" content=\"Estimated reading time\" \/>\n\t<meta name=\"twitter:data2\" content=\"4 minutes\" \/>\n<script type=\"application\/ld+json\" class=\"yoast-schema-graph\">{\"@context\":\"https:\/\/schema.org\",\"@graph\":[{\"@type\":\"Article\",\"@id\":\"https:\/\/cfdfeaservice.it\/index.php\/2019\/09\/02\/nuova-sede-produttiva-per-i-giunti-industriali-rw\/#article\",\"isPartOf\":{\"@id\":\"https:\/\/cfdfeaservice.it\/index.php\/2019\/09\/02\/nuova-sede-produttiva-per-i-giunti-industriali-rw\/\"},\"author\":{\"name\":\"CFD FEA SERVICE\",\"@id\":\"https:\/\/cfdfeaservice.it\/#\/schema\/person\/c3b6ebdd7f80794fe6e6657f2f5335e7\"},\"headline\":\"Nuova sede produttiva per i giunti industriali R+W\",\"datePublished\":\"2019-09-02T01:02:09+00:00\",\"mainEntityOfPage\":{\"@id\":\"https:\/\/cfdfeaservice.it\/index.php\/2019\/09\/02\/nuova-sede-produttiva-per-i-giunti-industriali-rw\/\"},\"wordCount\":888,\"publisher\":{\"@id\":\"https:\/\/cfdfeaservice.it\/#organization\"},\"image\":{\"@id\":\"https:\/\/cfdfeaservice.it\/index.php\/2019\/09\/02\/nuova-sede-produttiva-per-i-giunti-industriali-rw\/#primaryimage\"},\"thumbnailUrl\":\"https:\/\/i0.wp.com\/cfdfeaservice.it\/wp-content\/uploads\/2019\/09\/Foto-1-nuova-sede-RW.jpg?fit=1500%2C1048&ssl=1\",\"articleSection\":[\"Normativa\"],\"inLanguage\":\"en-GB\"},{\"@type\":\"WebPage\",\"@id\":\"https:\/\/cfdfeaservice.it\/index.php\/2019\/09\/02\/nuova-sede-produttiva-per-i-giunti-industriali-rw\/\",\"url\":\"https:\/\/cfdfeaservice.it\/index.php\/2019\/09\/02\/nuova-sede-produttiva-per-i-giunti-industriali-rw\/\",\"name\":\"Nuova sede produttiva per i giunti industriali R+W - CFD FEA\/FEM Service\",\"isPartOf\":{\"@id\":\"https:\/\/cfdfeaservice.it\/#website\"},\"primaryImageOfPage\":{\"@id\":\"https:\/\/cfdfeaservice.it\/index.php\/2019\/09\/02\/nuova-sede-produttiva-per-i-giunti-industriali-rw\/#primaryimage\"},\"image\":{\"@id\":\"https:\/\/cfdfeaservice.it\/index.php\/2019\/09\/02\/nuova-sede-produttiva-per-i-giunti-industriali-rw\/#primaryimage\"},\"thumbnailUrl\":\"https:\/\/i0.wp.com\/cfdfeaservice.it\/wp-content\/uploads\/2019\/09\/Foto-1-nuova-sede-RW.jpg?fit=1500%2C1048&ssl=1\",\"datePublished\":\"2019-09-02T01:02:09+00:00\",\"breadcrumb\":{\"@id\":\"https:\/\/cfdfeaservice.it\/index.php\/2019\/09\/02\/nuova-sede-produttiva-per-i-giunti-industriali-rw\/#breadcrumb\"},\"inLanguage\":\"en-GB\",\"potentialAction\":[{\"@type\":\"ReadAction\",\"target\":[\"https:\/\/cfdfeaservice.it\/index.php\/2019\/09\/02\/nuova-sede-produttiva-per-i-giunti-industriali-rw\/\"]}]},{\"@type\":\"ImageObject\",\"inLanguage\":\"en-GB\",\"@id\":\"https:\/\/cfdfeaservice.it\/index.php\/2019\/09\/02\/nuova-sede-produttiva-per-i-giunti-industriali-rw\/#primaryimage\",\"url\":\"https:\/\/i0.wp.com\/cfdfeaservice.it\/wp-content\/uploads\/2019\/09\/Foto-1-nuova-sede-RW.jpg?fit=1500%2C1048&ssl=1\",\"contentUrl\":\"https:\/\/i0.wp.com\/cfdfeaservice.it\/wp-content\/uploads\/2019\/09\/Foto-1-nuova-sede-RW.jpg?fit=1500%2C1048&ssl=1\",\"width\":1500,\"height\":1048},{\"@type\":\"BreadcrumbList\",\"@id\":\"https:\/\/cfdfeaservice.it\/index.php\/2019\/09\/02\/nuova-sede-produttiva-per-i-giunti-industriali-rw\/#breadcrumb\",\"itemListElement\":[{\"@type\":\"ListItem\",\"position\":1,\"name\":\"Home\",\"item\":\"https:\/\/cfdfeaservice.it\/\"},{\"@type\":\"ListItem\",\"position\":2,\"name\":\"Nuova sede produttiva per i giunti industriali R+W\"}]},{\"@type\":\"WebSite\",\"@id\":\"https:\/\/cfdfeaservice.it\/#website\",\"url\":\"https:\/\/cfdfeaservice.it\/\",\"name\":\"CFD FEA\/FEM Service\",\"description\":\"Servizi di ingegneria 4.0\",\"publisher\":{\"@id\":\"https:\/\/cfdfeaservice.it\/#organization\"},\"potentialAction\":[{\"@type\":\"SearchAction\",\"target\":{\"@type\":\"EntryPoint\",\"urlTemplate\":\"https:\/\/cfdfeaservice.it\/?s={search_term_string}\"},\"query-input\":{\"@type\":\"PropertyValueSpecification\",\"valueRequired\":true,\"valueName\":\"search_term_string\"}}],\"inLanguage\":\"en-GB\"},{\"@type\":\"Organization\",\"@id\":\"https:\/\/cfdfeaservice.it\/#organization\",\"name\":\"CFD FEA SERVICE SRL\",\"url\":\"https:\/\/cfdfeaservice.it\/\",\"logo\":{\"@type\":\"ImageObject\",\"inLanguage\":\"en-GB\",\"@id\":\"https:\/\/cfdfeaservice.it\/#\/schema\/logo\/image\/\",\"url\":\"https:\/\/i2.wp.com\/cfdfeaservice.it\/wp-content\/uploads\/2018\/07\/CFD-FEA-SERVICE-Compact.png?fit=677%2C178&ssl=1\",\"contentUrl\":\"https:\/\/i2.wp.com\/cfdfeaservice.it\/wp-content\/uploads\/2018\/07\/CFD-FEA-SERVICE-Compact.png?fit=677%2C178&ssl=1\",\"width\":677,\"height\":178,\"caption\":\"CFD FEA SERVICE SRL\"},\"image\":{\"@id\":\"https:\/\/cfdfeaservice.it\/#\/schema\/logo\/image\/\"},\"sameAs\":[\"https:\/\/www.facebook.com\/cfdfeaservice\",\"https:\/\/www.linkedin.com\/company\/11421185\/\",\"https:\/\/www.youtube.com\/channel\/UCr2h1DbpsNDKJSBAgeWMbfA\"]},{\"@type\":\"Person\",\"@id\":\"https:\/\/cfdfeaservice.it\/#\/schema\/person\/c3b6ebdd7f80794fe6e6657f2f5335e7\",\"name\":\"CFD FEA SERVICE\",\"image\":{\"@type\":\"ImageObject\",\"inLanguage\":\"en-GB\",\"@id\":\"https:\/\/cfdfeaservice.it\/#\/schema\/person\/image\/\",\"url\":\"https:\/\/secure.gravatar.com\/avatar\/a34dbcf675cd4152f1184664b3adcb72?s=96&d=mm&r=g\",\"contentUrl\":\"https:\/\/secure.gravatar.com\/avatar\/a34dbcf675cd4152f1184664b3adcb72?s=96&d=mm&r=g\",\"caption\":\"CFD FEA SERVICE\"},\"url\":\"https:\/\/cfdfeaservice.it\/index.php\/author\/cfd-fea-service\/\"}]}<\/script>\n<!-- \/ Yoast SEO plugin. -->","yoast_head_json":{"title":"Nuova sede produttiva per i giunti industriali R+W - CFD FEA\/FEM Service","robots":{"index":"index","follow":"follow","max-snippet":"max-snippet:-1","max-image-preview":"max-image-preview:large","max-video-preview":"max-video-preview:-1"},"canonical":"https:\/\/cfdfeaservice.it\/index.php\/2019\/09\/02\/nuova-sede-produttiva-per-i-giunti-industriali-rw\/","og_locale":"en_GB","og_type":"article","og_title":"Nuova sede produttiva per i giunti industriali R+W - CFD FEA\/FEM Service","og_description":"A W\u00f6rth am Main, lungo le rive del Meno, nasce la nuova sede di R+W, azienda leader nel segmento dei giunti industriali e di precisione: nuovi spazi moderni e funzionali dedicati all\u2019amministrazione e alla produzione, sempre pi\u00f9 orientata alle soluzioni su misura. A poche centinaia di metri dall\u2019attuale sede, R+W [&hellip;]","og_url":"https:\/\/cfdfeaservice.it\/index.php\/2019\/09\/02\/nuova-sede-produttiva-per-i-giunti-industriali-rw\/","og_site_name":"CFD FEA\/FEM Service","article_publisher":"https:\/\/www.facebook.com\/cfdfeaservice","article_published_time":"2019-09-02T01:02:09+00:00","og_image":[{"width":1500,"height":1048,"url":"https:\/\/i2.wp.com\/cfdfeaservice.it\/wp-content\/uploads\/2019\/09\/Foto-1-nuova-sede-RW.jpg?fit=1500%2C1048&ssl=1","type":"image\/jpeg"}],"author":"CFD FEA SERVICE","twitter_card":"summary_large_image","twitter_misc":{"Written by":"CFD FEA SERVICE","Estimated reading time":"4 minutes"},"schema":{"@context":"https:\/\/schema.org","@graph":[{"@type":"Article","@id":"https:\/\/cfdfeaservice.it\/index.php\/2019\/09\/02\/nuova-sede-produttiva-per-i-giunti-industriali-rw\/#article","isPartOf":{"@id":"https:\/\/cfdfeaservice.it\/index.php\/2019\/09\/02\/nuova-sede-produttiva-per-i-giunti-industriali-rw\/"},"author":{"name":"CFD FEA SERVICE","@id":"https:\/\/cfdfeaservice.it\/#\/schema\/person\/c3b6ebdd7f80794fe6e6657f2f5335e7"},"headline":"Nuova sede produttiva per i giunti industriali R+W","datePublished":"2019-09-02T01:02:09+00:00","mainEntityOfPage":{"@id":"https:\/\/cfdfeaservice.it\/index.php\/2019\/09\/02\/nuova-sede-produttiva-per-i-giunti-industriali-rw\/"},"wordCount":888,"publisher":{"@id":"https:\/\/cfdfeaservice.it\/#organization"},"image":{"@id":"https:\/\/cfdfeaservice.it\/index.php\/2019\/09\/02\/nuova-sede-produttiva-per-i-giunti-industriali-rw\/#primaryimage"},"thumbnailUrl":"https:\/\/i0.wp.com\/cfdfeaservice.it\/wp-content\/uploads\/2019\/09\/Foto-1-nuova-sede-RW.jpg?fit=1500%2C1048&ssl=1","articleSection":["Normativa"],"inLanguage":"en-GB"},{"@type":"WebPage","@id":"https:\/\/cfdfeaservice.it\/index.php\/2019\/09\/02\/nuova-sede-produttiva-per-i-giunti-industriali-rw\/","url":"https:\/\/cfdfeaservice.it\/index.php\/2019\/09\/02\/nuova-sede-produttiva-per-i-giunti-industriali-rw\/","name":"Nuova sede produttiva per i giunti industriali R+W - CFD FEA\/FEM Service","isPartOf":{"@id":"https:\/\/cfdfeaservice.it\/#website"},"primaryImageOfPage":{"@id":"https:\/\/cfdfeaservice.it\/index.php\/2019\/09\/02\/nuova-sede-produttiva-per-i-giunti-industriali-rw\/#primaryimage"},"image":{"@id":"https:\/\/cfdfeaservice.it\/index.php\/2019\/09\/02\/nuova-sede-produttiva-per-i-giunti-industriali-rw\/#primaryimage"},"thumbnailUrl":"https:\/\/i0.wp.com\/cfdfeaservice.it\/wp-content\/uploads\/2019\/09\/Foto-1-nuova-sede-RW.jpg?fit=1500%2C1048&ssl=1","datePublished":"2019-09-02T01:02:09+00:00","breadcrumb":{"@id":"https:\/\/cfdfeaservice.it\/index.php\/2019\/09\/02\/nuova-sede-produttiva-per-i-giunti-industriali-rw\/#breadcrumb"},"inLanguage":"en-GB","potentialAction":[{"@type":"ReadAction","target":["https:\/\/cfdfeaservice.it\/index.php\/2019\/09\/02\/nuova-sede-produttiva-per-i-giunti-industriali-rw\/"]}]},{"@type":"ImageObject","inLanguage":"en-GB","@id":"https:\/\/cfdfeaservice.it\/index.php\/2019\/09\/02\/nuova-sede-produttiva-per-i-giunti-industriali-rw\/#primaryimage","url":"https:\/\/i0.wp.com\/cfdfeaservice.it\/wp-content\/uploads\/2019\/09\/Foto-1-nuova-sede-RW.jpg?fit=1500%2C1048&ssl=1","contentUrl":"https:\/\/i0.wp.com\/cfdfeaservice.it\/wp-content\/uploads\/2019\/09\/Foto-1-nuova-sede-RW.jpg?fit=1500%2C1048&ssl=1","width":1500,"height":1048},{"@type":"BreadcrumbList","@id":"https:\/\/cfdfeaservice.it\/index.php\/2019\/09\/02\/nuova-sede-produttiva-per-i-giunti-industriali-rw\/#breadcrumb","itemListElement":[{"@type":"ListItem","position":1,"name":"Home","item":"https:\/\/cfdfeaservice.it\/"},{"@type":"ListItem","position":2,"name":"Nuova sede produttiva per i giunti industriali R+W"}]},{"@type":"WebSite","@id":"https:\/\/cfdfeaservice.it\/#website","url":"https:\/\/cfdfeaservice.it\/","name":"CFD FEA\/FEM Service","description":"Servizi di ingegneria 4.0","publisher":{"@id":"https:\/\/cfdfeaservice.it\/#organization"},"potentialAction":[{"@type":"SearchAction","target":{"@type":"EntryPoint","urlTemplate":"https:\/\/cfdfeaservice.it\/?s={search_term_string}"},"query-input":{"@type":"PropertyValueSpecification","valueRequired":true,"valueName":"search_term_string"}}],"inLanguage":"en-GB"},{"@type":"Organization","@id":"https:\/\/cfdfeaservice.it\/#organization","name":"CFD FEA SERVICE SRL","url":"https:\/\/cfdfeaservice.it\/","logo":{"@type":"ImageObject","inLanguage":"en-GB","@id":"https:\/\/cfdfeaservice.it\/#\/schema\/logo\/image\/","url":"https:\/\/i2.wp.com\/cfdfeaservice.it\/wp-content\/uploads\/2018\/07\/CFD-FEA-SERVICE-Compact.png?fit=677%2C178&ssl=1","contentUrl":"https:\/\/i2.wp.com\/cfdfeaservice.it\/wp-content\/uploads\/2018\/07\/CFD-FEA-SERVICE-Compact.png?fit=677%2C178&ssl=1","width":677,"height":178,"caption":"CFD FEA SERVICE SRL"},"image":{"@id":"https:\/\/cfdfeaservice.it\/#\/schema\/logo\/image\/"},"sameAs":["https:\/\/www.facebook.com\/cfdfeaservice","https:\/\/www.linkedin.com\/company\/11421185\/","https:\/\/www.youtube.com\/channel\/UCr2h1DbpsNDKJSBAgeWMbfA"]},{"@type":"Person","@id":"https:\/\/cfdfeaservice.it\/#\/schema\/person\/c3b6ebdd7f80794fe6e6657f2f5335e7","name":"CFD FEA SERVICE","image":{"@type":"ImageObject","inLanguage":"en-GB","@id":"https:\/\/cfdfeaservice.it\/#\/schema\/person\/image\/","url":"https:\/\/secure.gravatar.com\/avatar\/a34dbcf675cd4152f1184664b3adcb72?s=96&d=mm&r=g","contentUrl":"https:\/\/secure.gravatar.com\/avatar\/a34dbcf675cd4152f1184664b3adcb72?s=96&d=mm&r=g","caption":"CFD FEA SERVICE"},"url":"https:\/\/cfdfeaservice.it\/index.php\/author\/cfd-fea-service\/"}]}},"jetpack_featured_media_url":"https:\/\/i0.wp.com\/cfdfeaservice.it\/wp-content\/uploads\/2019\/09\/Foto-1-nuova-sede-RW.jpg?fit=1500%2C1048&ssl=1","jetpack_shortlink":"https:\/\/wp.me\/p9JrPq-3sl","jetpack_sharing_enabled":true,"_links":{"self":[{"href":"https:\/\/cfdfeaservice.it\/index.php\/wp-json\/wp\/v2\/posts\/13289","targetHints":{"allow":["GET"]}}],"collection":[{"href":"https:\/\/cfdfeaservice.it\/index.php\/wp-json\/wp\/v2\/posts"}],"about":[{"href":"https:\/\/cfdfeaservice.it\/index.php\/wp-json\/wp\/v2\/types\/post"}],"author":[{"embeddable":true,"href":"https:\/\/cfdfeaservice.it\/index.php\/wp-json\/wp\/v2\/users\/8"}],"replies":[{"embeddable":true,"href":"https:\/\/cfdfeaservice.it\/index.php\/wp-json\/wp\/v2\/comments?post=13289"}],"version-history":[{"count":0,"href":"https:\/\/cfdfeaservice.it\/index.php\/wp-json\/wp\/v2\/posts\/13289\/revisions"}],"wp:featuredmedia":[{"embeddable":true,"href":"https:\/\/cfdfeaservice.it\/index.php\/wp-json\/wp\/v2\/media\/13290"}],"wp:attachment":[{"href":"https:\/\/cfdfeaservice.it\/index.php\/wp-json\/wp\/v2\/media?parent=13289"}],"wp:term":[{"taxonomy":"category","embeddable":true,"href":"https:\/\/cfdfeaservice.it\/index.php\/wp-json\/wp\/v2\/categories?post=13289"},{"taxonomy":"post_tag","embeddable":true,"href":"https:\/\/cfdfeaservice.it\/index.php\/wp-json\/wp\/v2\/tags?post=13289"}],"curies":[{"name":"wp","href":"https:\/\/api.w.org\/{rel}","templated":true}]}}