{"id":13719,"date":"2019-09-16T03:01:40","date_gmt":"2019-09-16T01:01:40","guid":{"rendered":"https:\/\/cfdfeaservice.it\/index.php\/2019\/09\/16\/larchitetto-libero-cecchini-compie-100-anni\/"},"modified":"2019-09-16T03:01:40","modified_gmt":"2019-09-16T01:01:40","slug":"larchitetto-libero-cecchini-compie-100-anni","status":"publish","type":"post","link":"https:\/\/cfdfeaservice.it\/index.php\/2019\/09\/16\/larchitetto-libero-cecchini-compie-100-anni\/","title":{"rendered":"L\u2019architetto Libero Cecchini compie 100 anni"},"content":{"rendered":"<div>\n<p>Cento anni di vita il 28 settembre e settantacinque dei quali spesi come architetto. Laureato al Politecnico di Milano nel novembre del 1944, si \u00e8 iscritto all\u2019albo degli architetti veronesi con il numero 17 nel 1945.<\/p>\n<blockquote>\n<p>Il festeggiamento per il suo 100\u00b0 compleanno \u00e8 stato organizzato dall\u2019Ordine degli Architetti di Verona nella sala Zanotto a San Zeno, uno dei tanti luoghi dove Cecchini ha lasciato il segno: si deve a lui la restaurazione del chiostro e delle zone comprese fra la Torre merlata e il chiostro.<\/p>\n<\/blockquote>\n<h3>In occasione della celebrazione l\u2019Ordine di Verona ha allestito una rassegna di progetti dal titolo. \u201cScala 1:100\u201d che saranno esposti presso la sede dell\u2019Ordine, ex Magazzini Generali, dal 12 settembre al 4 ottobre.<\/h3>\n<p>Libero Cecchini ha lavorato, tra l\u2019altro, alla ricostruzione dei ponti storici di Verona: ponte Castelvecchio e ponte Pietra distrutti durante la ritirata tedesca, ha realizzato piani urbanistici e importanti opere di edilizia pubblica, ma anche scuole, case popolari ed edilizia privata.<\/p>\n<h3>Insieme all\u2019impegno di architetto ha svolto l\u2019attivit\u00e0 di scultore, creando opere il marmo, in bronzo e in legno oltre ad aver realizzato importanti progetti di restauro monumentale e archeologico,<\/h3>\n<p>Libero Cecchini in una delle pi\u00f9 recenti interviste ha dichiarato di aver capito che lo spazio architettonico esiste gi\u00e0 in natura, il segreto \u00e8 scoprirlo e considerare l\u2019architettura come uno strumento al servizio dei problemi sociali.<\/p>\n<p>Ai 100 anni di Libero Cecchini il presidente del Cnappc, Giuseppe Cappochin, ha voluto consegnare una targa per esprimere la stima e il ringraziamento per un vita intensamente dedicata ad un mestiere che lo vede ancora generatore di idee e contributi per la promozione dell\u2019architettura.<\/p>\n<p>L&#8217;articolo <a rel=\"nofollow\" href=\"https:\/\/www.unioneingegneri.com\/larchitetto-libero-cecchini-compie-100-anni\/\">L\u2019architetto Libero Cecchini compie 100 anni<\/a> proviene da <a rel=\"nofollow\" href=\"https:\/\/www.unioneingegneri.com\/\">Unione Geometri<\/a>.<\/p>\n<\/div>\n<p><a href=\"https:\/\/www.unionearchitetti.com\/larchitetto-libero-cecchini-compie-100-anni\">Vai alla fonte.<\/a><\/p>\n<p>Autore: Mauro Melis<\/p>\n<p class=\"wpematico_credit\"><small>Powered by <a href=\"http:\/\/www.wpematico.com\" target=\"_blank\" rel=\"noopener noreferrer\">WPeMatico<\/a><\/small><\/p>\n<p><strong>_________________________________<\/strong><\/p>\n<p><strong>CFD FEA Service SRL<\/strong> &egrave; una societ&agrave; di servizi che offre <em>consulenza<\/em> e <em>formazione<\/em> in ambito <strong>ingegneria<\/strong> e <strong>IT<\/strong>. Se questo post\/prodotto ti &egrave; piaciuto ti invitiamo a:<\/p>\n<ul>\n<li>visionare il nostro <a href=\"https:\/\/cfdfeaservice.it\/index.php\/blog\/\" target=\"_blank\" rel=\"noopener\">blog<\/a><\/li>\n<li>visionare i <a href=\"https:\/\/cfdfeaservice.it\/index.php\/prodotti\/\" target=\"_blank\" rel=\"noopener\">software<\/a> disponibili - anche per la formazione<\/li>\n<li>iscriverti alla nostra newsletter<\/li>\n<li>entrare in contatto con noi attraverso la <a href=\"https:\/\/cfdfeaservice.it\/#ribbon\" target=\"_blank\" rel=\"noopener\">pagina contatti<\/a><\/li>\n<\/ul>\n<p>Saremo lieti di seguire le tue richieste e fornire risposte alle tue domande.<\/p>","protected":false},"excerpt":{"rendered":"<p>Cento anni di vita il 28 settembre e settantacinque dei quali spesi come architetto. Laureato al Politecnico di Milano nel novembre del 1944, si \u00e8 iscritto all\u2019albo degli architetti veronesi con il numero 17 nel 1945. Il festeggiamento per il suo 100\u00b0 compleanno \u00e8 stato organizzato dall\u2019Ordine degli Architetti di [&hellip;]<\/p>\n","protected":false},"author":8,"featured_media":0,"comment_status":"closed","ping_status":"closed","sticky":false,"template":"","format":"standard","meta":{"jetpack_post_was_ever_published":false,"_jetpack_newsletter_access":"","_jetpack_dont_email_post_to_subs":false,"_jetpack_newsletter_tier_id":0,"_jetpack_memberships_contains_paywalled_content":false,"_jetpack_memberships_contains_paid_content":false,"footnotes":""},"categories":[57],"tags":[],"class_list":["post-13719","post","type-post","status-publish","format-standard","hentry","category-normativa"],"yoast_head":"<!-- This site is optimized with the Yoast SEO plugin v26.8 - https:\/\/yoast.com\/product\/yoast-seo-wordpress\/ -->\n<title>L\u2019architetto Libero Cecchini compie 100 anni - CFD FEA\/FEM Service<\/title>\n<meta name=\"robots\" content=\"index, follow, max-snippet:-1, max-image-preview:large, max-video-preview:-1\" \/>\n<link rel=\"canonical\" href=\"https:\/\/cfdfeaservice.it\/index.php\/2019\/09\/16\/larchitetto-libero-cecchini-compie-100-anni\/\" \/>\n<meta property=\"og:locale\" content=\"en_GB\" \/>\n<meta property=\"og:type\" content=\"article\" \/>\n<meta property=\"og:title\" content=\"L\u2019architetto Libero Cecchini compie 100 anni - CFD FEA\/FEM Service\" \/>\n<meta property=\"og:description\" content=\"Cento anni di vita il 28 settembre e settantacinque dei quali spesi come architetto. Laureato al Politecnico di Milano nel novembre del 1944, si \u00e8 iscritto all\u2019albo degli architetti veronesi con il numero 17 nel 1945. Il festeggiamento per il suo 100\u00b0 compleanno \u00e8 stato organizzato dall\u2019Ordine degli Architetti di [&hellip;]\" \/>\n<meta property=\"og:url\" content=\"https:\/\/cfdfeaservice.it\/index.php\/2019\/09\/16\/larchitetto-libero-cecchini-compie-100-anni\/\" \/>\n<meta property=\"og:site_name\" content=\"CFD FEA\/FEM Service\" \/>\n<meta property=\"article:publisher\" content=\"https:\/\/www.facebook.com\/cfdfeaservice\" \/>\n<meta property=\"article:published_time\" content=\"2019-09-16T01:01:40+00:00\" \/>\n<meta name=\"author\" content=\"CFD FEA SERVICE\" \/>\n<meta name=\"twitter:card\" content=\"summary_large_image\" \/>\n<meta name=\"twitter:label1\" content=\"Written by\" \/>\n\t<meta name=\"twitter:data1\" content=\"CFD FEA SERVICE\" \/>\n\t<meta name=\"twitter:label2\" content=\"Estimated reading time\" \/>\n\t<meta name=\"twitter:data2\" content=\"1 minute\" \/>\n<script type=\"application\/ld+json\" class=\"yoast-schema-graph\">{\"@context\":\"https:\/\/schema.org\",\"@graph\":[{\"@type\":\"Article\",\"@id\":\"https:\/\/cfdfeaservice.it\/index.php\/2019\/09\/16\/larchitetto-libero-cecchini-compie-100-anni\/#article\",\"isPartOf\":{\"@id\":\"https:\/\/cfdfeaservice.it\/index.php\/2019\/09\/16\/larchitetto-libero-cecchini-compie-100-anni\/\"},\"author\":{\"name\":\"CFD FEA SERVICE\",\"@id\":\"https:\/\/cfdfeaservice.it\/#\/schema\/person\/c3b6ebdd7f80794fe6e6657f2f5335e7\"},\"headline\":\"L\u2019architetto Libero Cecchini compie 100 anni\",\"datePublished\":\"2019-09-16T01:01:40+00:00\",\"mainEntityOfPage\":{\"@id\":\"https:\/\/cfdfeaservice.it\/index.php\/2019\/09\/16\/larchitetto-libero-cecchini-compie-100-anni\/\"},\"wordCount\":294,\"publisher\":{\"@id\":\"https:\/\/cfdfeaservice.it\/#organization\"},\"articleSection\":[\"Normativa\"],\"inLanguage\":\"en-GB\"},{\"@type\":\"WebPage\",\"@id\":\"https:\/\/cfdfeaservice.it\/index.php\/2019\/09\/16\/larchitetto-libero-cecchini-compie-100-anni\/\",\"url\":\"https:\/\/cfdfeaservice.it\/index.php\/2019\/09\/16\/larchitetto-libero-cecchini-compie-100-anni\/\",\"name\":\"L\u2019architetto Libero Cecchini compie 100 anni - CFD FEA\/FEM Service\",\"isPartOf\":{\"@id\":\"https:\/\/cfdfeaservice.it\/#website\"},\"datePublished\":\"2019-09-16T01:01:40+00:00\",\"breadcrumb\":{\"@id\":\"https:\/\/cfdfeaservice.it\/index.php\/2019\/09\/16\/larchitetto-libero-cecchini-compie-100-anni\/#breadcrumb\"},\"inLanguage\":\"en-GB\",\"potentialAction\":[{\"@type\":\"ReadAction\",\"target\":[\"https:\/\/cfdfeaservice.it\/index.php\/2019\/09\/16\/larchitetto-libero-cecchini-compie-100-anni\/\"]}]},{\"@type\":\"BreadcrumbList\",\"@id\":\"https:\/\/cfdfeaservice.it\/index.php\/2019\/09\/16\/larchitetto-libero-cecchini-compie-100-anni\/#breadcrumb\",\"itemListElement\":[{\"@type\":\"ListItem\",\"position\":1,\"name\":\"Home\",\"item\":\"https:\/\/cfdfeaservice.it\/\"},{\"@type\":\"ListItem\",\"position\":2,\"name\":\"L\u2019architetto Libero Cecchini compie 100 anni\"}]},{\"@type\":\"WebSite\",\"@id\":\"https:\/\/cfdfeaservice.it\/#website\",\"url\":\"https:\/\/cfdfeaservice.it\/\",\"name\":\"CFD FEA\/FEM Service\",\"description\":\"Servizi di ingegneria 4.0\",\"publisher\":{\"@id\":\"https:\/\/cfdfeaservice.it\/#organization\"},\"potentialAction\":[{\"@type\":\"SearchAction\",\"target\":{\"@type\":\"EntryPoint\",\"urlTemplate\":\"https:\/\/cfdfeaservice.it\/?s={search_term_string}\"},\"query-input\":{\"@type\":\"PropertyValueSpecification\",\"valueRequired\":true,\"valueName\":\"search_term_string\"}}],\"inLanguage\":\"en-GB\"},{\"@type\":\"Organization\",\"@id\":\"https:\/\/cfdfeaservice.it\/#organization\",\"name\":\"CFD FEA SERVICE SRL\",\"url\":\"https:\/\/cfdfeaservice.it\/\",\"logo\":{\"@type\":\"ImageObject\",\"inLanguage\":\"en-GB\",\"@id\":\"https:\/\/cfdfeaservice.it\/#\/schema\/logo\/image\/\",\"url\":\"https:\/\/i2.wp.com\/cfdfeaservice.it\/wp-content\/uploads\/2018\/07\/CFD-FEA-SERVICE-Compact.png?fit=677%2C178&ssl=1\",\"contentUrl\":\"https:\/\/i2.wp.com\/cfdfeaservice.it\/wp-content\/uploads\/2018\/07\/CFD-FEA-SERVICE-Compact.png?fit=677%2C178&ssl=1\",\"width\":677,\"height\":178,\"caption\":\"CFD FEA SERVICE SRL\"},\"image\":{\"@id\":\"https:\/\/cfdfeaservice.it\/#\/schema\/logo\/image\/\"},\"sameAs\":[\"https:\/\/www.facebook.com\/cfdfeaservice\",\"https:\/\/www.linkedin.com\/company\/11421185\/\",\"https:\/\/www.youtube.com\/channel\/UCr2h1DbpsNDKJSBAgeWMbfA\"]},{\"@type\":\"Person\",\"@id\":\"https:\/\/cfdfeaservice.it\/#\/schema\/person\/c3b6ebdd7f80794fe6e6657f2f5335e7\",\"name\":\"CFD FEA SERVICE\",\"image\":{\"@type\":\"ImageObject\",\"inLanguage\":\"en-GB\",\"@id\":\"https:\/\/cfdfeaservice.it\/#\/schema\/person\/image\/\",\"url\":\"https:\/\/secure.gravatar.com\/avatar\/a34dbcf675cd4152f1184664b3adcb72?s=96&d=mm&r=g\",\"contentUrl\":\"https:\/\/secure.gravatar.com\/avatar\/a34dbcf675cd4152f1184664b3adcb72?s=96&d=mm&r=g\",\"caption\":\"CFD FEA SERVICE\"},\"url\":\"https:\/\/cfdfeaservice.it\/index.php\/author\/cfd-fea-service\/\"}]}<\/script>\n<!-- \/ Yoast SEO plugin. -->","yoast_head_json":{"title":"L\u2019architetto Libero Cecchini compie 100 anni - CFD FEA\/FEM Service","robots":{"index":"index","follow":"follow","max-snippet":"max-snippet:-1","max-image-preview":"max-image-preview:large","max-video-preview":"max-video-preview:-1"},"canonical":"https:\/\/cfdfeaservice.it\/index.php\/2019\/09\/16\/larchitetto-libero-cecchini-compie-100-anni\/","og_locale":"en_GB","og_type":"article","og_title":"L\u2019architetto Libero Cecchini compie 100 anni - CFD FEA\/FEM Service","og_description":"Cento anni di vita il 28 settembre e settantacinque dei quali spesi come architetto. Laureato al Politecnico di Milano nel novembre del 1944, si \u00e8 iscritto all\u2019albo degli architetti veronesi con il numero 17 nel 1945. Il festeggiamento per il suo 100\u00b0 compleanno \u00e8 stato organizzato dall\u2019Ordine degli Architetti di [&hellip;]","og_url":"https:\/\/cfdfeaservice.it\/index.php\/2019\/09\/16\/larchitetto-libero-cecchini-compie-100-anni\/","og_site_name":"CFD FEA\/FEM Service","article_publisher":"https:\/\/www.facebook.com\/cfdfeaservice","article_published_time":"2019-09-16T01:01:40+00:00","author":"CFD FEA SERVICE","twitter_card":"summary_large_image","twitter_misc":{"Written by":"CFD FEA SERVICE","Estimated reading time":"1 minute"},"schema":{"@context":"https:\/\/schema.org","@graph":[{"@type":"Article","@id":"https:\/\/cfdfeaservice.it\/index.php\/2019\/09\/16\/larchitetto-libero-cecchini-compie-100-anni\/#article","isPartOf":{"@id":"https:\/\/cfdfeaservice.it\/index.php\/2019\/09\/16\/larchitetto-libero-cecchini-compie-100-anni\/"},"author":{"name":"CFD FEA SERVICE","@id":"https:\/\/cfdfeaservice.it\/#\/schema\/person\/c3b6ebdd7f80794fe6e6657f2f5335e7"},"headline":"L\u2019architetto Libero Cecchini compie 100 anni","datePublished":"2019-09-16T01:01:40+00:00","mainEntityOfPage":{"@id":"https:\/\/cfdfeaservice.it\/index.php\/2019\/09\/16\/larchitetto-libero-cecchini-compie-100-anni\/"},"wordCount":294,"publisher":{"@id":"https:\/\/cfdfeaservice.it\/#organization"},"articleSection":["Normativa"],"inLanguage":"en-GB"},{"@type":"WebPage","@id":"https:\/\/cfdfeaservice.it\/index.php\/2019\/09\/16\/larchitetto-libero-cecchini-compie-100-anni\/","url":"https:\/\/cfdfeaservice.it\/index.php\/2019\/09\/16\/larchitetto-libero-cecchini-compie-100-anni\/","name":"L\u2019architetto Libero Cecchini compie 100 anni - CFD FEA\/FEM Service","isPartOf":{"@id":"https:\/\/cfdfeaservice.it\/#website"},"datePublished":"2019-09-16T01:01:40+00:00","breadcrumb":{"@id":"https:\/\/cfdfeaservice.it\/index.php\/2019\/09\/16\/larchitetto-libero-cecchini-compie-100-anni\/#breadcrumb"},"inLanguage":"en-GB","potentialAction":[{"@type":"ReadAction","target":["https:\/\/cfdfeaservice.it\/index.php\/2019\/09\/16\/larchitetto-libero-cecchini-compie-100-anni\/"]}]},{"@type":"BreadcrumbList","@id":"https:\/\/cfdfeaservice.it\/index.php\/2019\/09\/16\/larchitetto-libero-cecchini-compie-100-anni\/#breadcrumb","itemListElement":[{"@type":"ListItem","position":1,"name":"Home","item":"https:\/\/cfdfeaservice.it\/"},{"@type":"ListItem","position":2,"name":"L\u2019architetto Libero Cecchini compie 100 anni"}]},{"@type":"WebSite","@id":"https:\/\/cfdfeaservice.it\/#website","url":"https:\/\/cfdfeaservice.it\/","name":"CFD FEA\/FEM Service","description":"Servizi di ingegneria 4.0","publisher":{"@id":"https:\/\/cfdfeaservice.it\/#organization"},"potentialAction":[{"@type":"SearchAction","target":{"@type":"EntryPoint","urlTemplate":"https:\/\/cfdfeaservice.it\/?s={search_term_string}"},"query-input":{"@type":"PropertyValueSpecification","valueRequired":true,"valueName":"search_term_string"}}],"inLanguage":"en-GB"},{"@type":"Organization","@id":"https:\/\/cfdfeaservice.it\/#organization","name":"CFD FEA SERVICE SRL","url":"https:\/\/cfdfeaservice.it\/","logo":{"@type":"ImageObject","inLanguage":"en-GB","@id":"https:\/\/cfdfeaservice.it\/#\/schema\/logo\/image\/","url":"https:\/\/i2.wp.com\/cfdfeaservice.it\/wp-content\/uploads\/2018\/07\/CFD-FEA-SERVICE-Compact.png?fit=677%2C178&ssl=1","contentUrl":"https:\/\/i2.wp.com\/cfdfeaservice.it\/wp-content\/uploads\/2018\/07\/CFD-FEA-SERVICE-Compact.png?fit=677%2C178&ssl=1","width":677,"height":178,"caption":"CFD FEA SERVICE SRL"},"image":{"@id":"https:\/\/cfdfeaservice.it\/#\/schema\/logo\/image\/"},"sameAs":["https:\/\/www.facebook.com\/cfdfeaservice","https:\/\/www.linkedin.com\/company\/11421185\/","https:\/\/www.youtube.com\/channel\/UCr2h1DbpsNDKJSBAgeWMbfA"]},{"@type":"Person","@id":"https:\/\/cfdfeaservice.it\/#\/schema\/person\/c3b6ebdd7f80794fe6e6657f2f5335e7","name":"CFD FEA SERVICE","image":{"@type":"ImageObject","inLanguage":"en-GB","@id":"https:\/\/cfdfeaservice.it\/#\/schema\/person\/image\/","url":"https:\/\/secure.gravatar.com\/avatar\/a34dbcf675cd4152f1184664b3adcb72?s=96&d=mm&r=g","contentUrl":"https:\/\/secure.gravatar.com\/avatar\/a34dbcf675cd4152f1184664b3adcb72?s=96&d=mm&r=g","caption":"CFD FEA SERVICE"},"url":"https:\/\/cfdfeaservice.it\/index.php\/author\/cfd-fea-service\/"}]}},"jetpack_featured_media_url":"","jetpack_shortlink":"https:\/\/wp.me\/p9JrPq-3zh","jetpack_sharing_enabled":true,"_links":{"self":[{"href":"https:\/\/cfdfeaservice.it\/index.php\/wp-json\/wp\/v2\/posts\/13719","targetHints":{"allow":["GET"]}}],"collection":[{"href":"https:\/\/cfdfeaservice.it\/index.php\/wp-json\/wp\/v2\/posts"}],"about":[{"href":"https:\/\/cfdfeaservice.it\/index.php\/wp-json\/wp\/v2\/types\/post"}],"author":[{"embeddable":true,"href":"https:\/\/cfdfeaservice.it\/index.php\/wp-json\/wp\/v2\/users\/8"}],"replies":[{"embeddable":true,"href":"https:\/\/cfdfeaservice.it\/index.php\/wp-json\/wp\/v2\/comments?post=13719"}],"version-history":[{"count":0,"href":"https:\/\/cfdfeaservice.it\/index.php\/wp-json\/wp\/v2\/posts\/13719\/revisions"}],"wp:attachment":[{"href":"https:\/\/cfdfeaservice.it\/index.php\/wp-json\/wp\/v2\/media?parent=13719"}],"wp:term":[{"taxonomy":"category","embeddable":true,"href":"https:\/\/cfdfeaservice.it\/index.php\/wp-json\/wp\/v2\/categories?post=13719"},{"taxonomy":"post_tag","embeddable":true,"href":"https:\/\/cfdfeaservice.it\/index.php\/wp-json\/wp\/v2\/tags?post=13719"}],"curies":[{"name":"wp","href":"https:\/\/api.w.org\/{rel}","templated":true}]}}