{"id":14290,"date":"2019-10-04T03:00:50","date_gmt":"2019-10-04T01:00:50","guid":{"rendered":"https:\/\/cfdfeaservice.it\/index.php\/2019\/10\/04\/genova-avviate-le-operazioni-di-sollevamento-del-viadotto-polcevera\/"},"modified":"2019-10-04T03:00:50","modified_gmt":"2019-10-04T01:00:50","slug":"genova-avviate-le-operazioni-di-sollevamento-del-viadotto-polcevera","status":"publish","type":"post","link":"https:\/\/cfdfeaservice.it\/index.php\/2019\/10\/04\/genova-avviate-le-operazioni-di-sollevamento-del-viadotto-polcevera\/","title":{"rendered":"Genova, avviate le operazioni di sollevamento del viadotto Polcevera"},"content":{"rendered":"<div>\n<p>La ministra delle Infrastrutture e dei Trasporti Paola De Micheli<br \/>\nha partecipato a Genova alla cerimonia di avvio delle operazioni di<br \/>\nsollevamento della prima parte di impalcato del nuovo viadotto<br \/>\nPolcevera.<\/p>\n<blockquote class=\"wp-block-quote\">\n<p>\u201cUn commosso e sincero ricordo delle vittime e un abbraccio alle famiglie che ho incontrato in passato \u2013 ha detto la De Micheli \u2013 \u201cGenova \u00e8 una citt\u00e0 straordinaria, ferita ma mai piegata simbolo di cosa possiamo fare come comunit\u00e0. Gratitudine autentica a donne e uomini che senza telecamere ogni ora lavorano per la ricostruzione. Da ministra raccolgo le parole di Renzo Piano sulla sicurezza nei cantieri. Le regole ci sono, a noi spetta farle rispettare perch\u00e8 determinano la qualit\u00e0 finale di ogni manufatto. Questo ponte \u00e8 un simbolo di legame che l\u2019Italia intera vuole avere con Genova\u201d.  <\/p>\n<\/blockquote>\n<p>Le operazioni di sollevamento della trave che sorregger\u00e0 il primo impalcato del nuovo viadotto sul Polcevera tra le pile 5 e 6 sono state annunciate da un suono di sirena: oltre alla la ministra De Micheli, a dare l\u2019avvio il premier Giuseppe Conte, del sindaco Bucci, del governatore Toti, dell\u2019architetto Piano che ha donato il disegno del viadotto.<\/p>\n<p>Marted\u00ec 1 ottobre alle ore 10.10 due enormi gru, gi\u00e0 utilizzate per lo smontaggio del Ponte Morandi, hanno sollevato a circa 50 metri di altezza dal suolo sulle pile 5 e 6 la prima campata del nuovo viadotto, lunga 50 metri e pesante 500 tonnellate.<\/p>\n<p>\u00c8 la prima parte di impalcato a comparire sullo skyline della Valpolcevera e costituir\u00e0, insieme alle altre 18 che saranno varate nei prossimi mesi, il nuovo ponte realizzato da Salini Impregilo e Fincantieri Infrastructure (societ\u00e0 del gruppo Fincantieri) attraverso la societ\u00e0 PERGENOVA.<\/p>\n<p>L\u2019evento si \u00e8 tenuto alla presenza del Presidente del consiglio, Giuseppe Conte, del Ministro delle infrastrutture e dei trasporti, Paola De Micheli, del Commissario delegato per l\u2019emergenza di Ponte Morandi e Presidente della Regione Liguria, Giovanni Toti, del Commissario straordinario per la ricostruzione e Sindaco di Genova, Marco Bucci, dell\u2019amministratore delegato di Salini Impregilo, Pietro Salini, del presidente di Fincantieri Giampiero Massolo e dell\u2019amministratore delegato Giuseppe Bono. Insieme a loro l\u2019architetto e Senatore a vita Renzo Piano, che ha firmato il progetto dell\u2019opera, e l\u2019Arcivescovo Metropolita di Genova Cardinale Angelo Bagnasco.<\/p>\n<h3>Una cerimonia dall\u2019elevato valore simbolico, perch\u00e9 ha unito il ricordo della tragedia del 14 agosto 2018, quando 43 persone persero la vita per il crollo del ponte Morandi, all\u2019immagine del nuovo ponte in costruzione, sempre pi\u00f9 occasione di rilancio, non solo per Genova ma per l\u2019Italia intera.<\/h3>\n<blockquote class=\"wp-block-quote\">\n<p>\u00abAbbiamo tenuto fede a una promessa fatta meno di dodici mesi fa \u2013 dice Giuseppe Bono, amministratore delegato di Fincantieri \u2013 lavorare bene, lavorare in fretta. L\u2019abbiamo fatto come atto di riconoscenza per una citt\u00e0 che consideriamo casa, siamo un\u2019azienda genovese, e abbiamo questa terra nel nostro DNA. Ma a questo ponte sta lavorando tutta l\u2019Italia, con l\u2019acciaio che arriva dai nostri stabilimenti dal Veneto alla Campania, con oltre 1.000 persone tra tecnici, ingegneri e maestranze provenienti da tutto il paese, un\u2019unica grande squadra che da Nord a Sud condivide i successi e supera insieme le sfide. L\u2019obiettivo \u00e8 restituire alla citt\u00e0 e al Paese un\u2019infrastruttura nevralgica in tempi record. Ci piace immaginare che questa prima campata tracci simbolicamente la traiettoria da seguire, andare avanti mostrando che anche in Italia si possono costruire bene grandi opere, soprattutto quando le forze produttive di questo Paese lavorano assieme unendo know how unici e sperimentando modelli innovativi di collaborazione tra imprese e istituzioni\u00bb.<\/p>\n<\/blockquote>\n<p>\u00abSiamo di fronte a un\u2019opera molto simbolica \u2013 continua Pietro Salini \u2013prodotto di uno spirito di iniziativa collettivo, un\u2019esperienza di collaborazione che da oggi vorremmo chiamare Cantiere Italia, perch\u00e9 ci piacerebbe considerarla come un modello da esportare al resto del paese per far ripartire le infrastrutture. Questo \u00e8 considerato il paese dei cantieri bloccati, abbiamo 36 miliardi di opere bloccate in Italia e con esse il lavoro, lo sviluppo, la crescita dei giovani. Ma quest\u2019opera dimostra che in Italia le infrastrutture si possono fare. E che si possono fare in modo veloce e trasparente mantenendo una altissima qualit\u00e0. Genova diventa cos\u00ec un simbolo e un precedente per il resto del paese. Quello che costruiremo \u2013 ha proseguito Salini \u2013 \u00e8 un ponte ipertecnologico, sostenibile perch\u00e9 capace di autoalimentarsi, sicuro, consegnato alla cittadinanza in tempi record, e realizzato nel primo cantiere al mondo totalmente trasparente, con webcam attive 24 ore su 24, sette giorni su sette. Un cantiere che abbiamo deciso di aprire ai ragazzi, con visite delle scuole primarie e secondarie di Genova, e alla cittadinanza, che grazie allo Spazio Ponte, mostra permanente allestita nel Porto Antico, potr\u00e0 partecipare alla costruzione di questa bellissima infrastruttura\u00bb.<\/p>\n<h3>La giornata \u00e8 stata infatti anche l\u2019occasione per l\u2019inaugurazione dello Spazio Ponte nel cuore vecchio di Genova, presso Porta Siberia, al Porto Antico. <\/h3>\n<p>Un punto di incontro e informazione dedicato al nuovo ponte, dove \u00e8 possibile apprendere le caratteristiche tecniche dell\u2019opera, ammirare il modello testato nella galleria del vento, misurarsi con ricostruzioni digitali dell\u2019infrastruttura, esercitarsi nei laboratori, immergersi nel cantiere seguendo le immagini riprese dai droni, scoprire come si costruisce un ponte. <\/p>\n<p>Lo Spazio Ponte \u00e8 un luogo aperto alla cittadinanza e a chiunque voglia saperne di pi\u00f9 sull\u2019opera, un\u2019altra porta per entrare nel cantiere, ma anche uno spazio di collaborazione fra cittadini e amministrazione per lo scambio di idee in incontri in cui si possa condividere il futuro di infrastrutture e mobilita sostenibili.<\/p>\n<p>L&#8217;articolo <a rel=\"nofollow\" href=\"https:\/\/www.unioneingegneri.com\/genova-avviate-le-operazioni-di-sollevamento-del-viadotto-polcevera\/\">Genova, avviate le operazioni di sollevamento del viadotto Polcevera<\/a> proviene da <a rel=\"nofollow\" href=\"https:\/\/www.unioneingegneri.com\/\">Unione Geometri<\/a>.<\/p>\n<\/div>\n<p><a href=\"https:\/\/www.unioneingegneri.com\/genova-avviate-le-operazioni-di-sollevamento-del-viadotto-polcevera\/\">Vai alla fonte.<\/a><\/p>\n<p>Autore: Mauro Melis<\/p>\n<p class=\"wpematico_credit\"><small>Powered by <a href=\"http:\/\/www.wpematico.com\" target=\"_blank\" rel=\"noopener noreferrer\">WPeMatico<\/a><\/small><\/p>\n<p><strong>_________________________________<\/strong><\/p>\n<p><strong>CFD FEA Service SRL<\/strong> &egrave; una societ&agrave; di servizi che offre <em>consulenza<\/em> e <em>formazione<\/em> in ambito <strong>ingegneria<\/strong> e <strong>IT<\/strong>. Se questo post\/prodotto ti &egrave; piaciuto ti invitiamo a:<\/p>\n<ul>\n<li>visionare il nostro <a href=\"https:\/\/cfdfeaservice.it\/index.php\/blog\/\" target=\"_blank\" rel=\"noopener\">blog<\/a><\/li>\n<li>visionare i <a href=\"https:\/\/cfdfeaservice.it\/index.php\/prodotti\/\" target=\"_blank\" rel=\"noopener\">software<\/a> disponibili - anche per la formazione<\/li>\n<li>iscriverti alla nostra newsletter<\/li>\n<li>entrare in contatto con noi attraverso la <a href=\"https:\/\/cfdfeaservice.it\/#ribbon\" target=\"_blank\" rel=\"noopener\">pagina contatti<\/a><\/li>\n<\/ul>\n<p>Saremo lieti di seguire le tue richieste e fornire risposte alle tue domande.<\/p>","protected":false},"excerpt":{"rendered":"<p>La ministra delle Infrastrutture e dei Trasporti Paola De Micheli ha partecipato a Genova alla cerimonia di avvio delle operazioni di sollevamento della prima parte di impalcato del nuovo viadotto Polcevera. \u201cUn commosso e sincero ricordo delle vittime e un abbraccio alle famiglie che ho incontrato in passato \u2013 ha [&hellip;]<\/p>\n","protected":false},"author":8,"featured_media":0,"comment_status":"closed","ping_status":"closed","sticky":false,"template":"","format":"standard","meta":{"jetpack_post_was_ever_published":false,"_jetpack_newsletter_access":"","_jetpack_dont_email_post_to_subs":false,"_jetpack_newsletter_tier_id":0,"_jetpack_memberships_contains_paywalled_content":false,"_jetpack_memberships_contains_paid_content":false,"footnotes":""},"categories":[57],"tags":[],"class_list":["post-14290","post","type-post","status-publish","format-standard","hentry","category-normativa"],"yoast_head":"<!-- This site is optimized with the Yoast SEO plugin v26.8 - https:\/\/yoast.com\/product\/yoast-seo-wordpress\/ -->\n<title>Genova, avviate le operazioni di sollevamento del viadotto Polcevera - CFD FEA\/FEM Service<\/title>\n<meta name=\"robots\" content=\"index, follow, max-snippet:-1, max-image-preview:large, max-video-preview:-1\" \/>\n<link rel=\"canonical\" href=\"https:\/\/cfdfeaservice.it\/index.php\/2019\/10\/04\/genova-avviate-le-operazioni-di-sollevamento-del-viadotto-polcevera\/\" \/>\n<meta property=\"og:locale\" content=\"en_GB\" \/>\n<meta property=\"og:type\" content=\"article\" \/>\n<meta property=\"og:title\" content=\"Genova, avviate le operazioni di sollevamento del viadotto Polcevera - CFD FEA\/FEM Service\" \/>\n<meta property=\"og:description\" content=\"La ministra delle Infrastrutture e dei Trasporti Paola De Micheli ha partecipato a Genova alla cerimonia di avvio delle operazioni di sollevamento della prima parte di impalcato del nuovo viadotto Polcevera. \u201cUn commosso e sincero ricordo delle vittime e un abbraccio alle famiglie che ho incontrato in passato \u2013 ha [&hellip;]\" \/>\n<meta property=\"og:url\" content=\"https:\/\/cfdfeaservice.it\/index.php\/2019\/10\/04\/genova-avviate-le-operazioni-di-sollevamento-del-viadotto-polcevera\/\" \/>\n<meta property=\"og:site_name\" content=\"CFD FEA\/FEM Service\" \/>\n<meta property=\"article:publisher\" content=\"https:\/\/www.facebook.com\/cfdfeaservice\" \/>\n<meta property=\"article:published_time\" content=\"2019-10-04T01:00:50+00:00\" \/>\n<meta name=\"author\" content=\"CFD FEA SERVICE\" \/>\n<meta name=\"twitter:card\" content=\"summary_large_image\" \/>\n<meta name=\"twitter:label1\" content=\"Written by\" \/>\n\t<meta name=\"twitter:data1\" content=\"CFD FEA SERVICE\" \/>\n\t<meta name=\"twitter:label2\" content=\"Estimated reading time\" \/>\n\t<meta name=\"twitter:data2\" content=\"5 minutes\" \/>\n<script type=\"application\/ld+json\" class=\"yoast-schema-graph\">{\"@context\":\"https:\/\/schema.org\",\"@graph\":[{\"@type\":\"Article\",\"@id\":\"https:\/\/cfdfeaservice.it\/index.php\/2019\/10\/04\/genova-avviate-le-operazioni-di-sollevamento-del-viadotto-polcevera\/#article\",\"isPartOf\":{\"@id\":\"https:\/\/cfdfeaservice.it\/index.php\/2019\/10\/04\/genova-avviate-le-operazioni-di-sollevamento-del-viadotto-polcevera\/\"},\"author\":{\"name\":\"CFD FEA SERVICE\",\"@id\":\"https:\/\/cfdfeaservice.it\/#\/schema\/person\/c3b6ebdd7f80794fe6e6657f2f5335e7\"},\"headline\":\"Genova, avviate le operazioni di sollevamento del viadotto Polcevera\",\"datePublished\":\"2019-10-04T01:00:50+00:00\",\"mainEntityOfPage\":{\"@id\":\"https:\/\/cfdfeaservice.it\/index.php\/2019\/10\/04\/genova-avviate-le-operazioni-di-sollevamento-del-viadotto-polcevera\/\"},\"wordCount\":919,\"publisher\":{\"@id\":\"https:\/\/cfdfeaservice.it\/#organization\"},\"articleSection\":[\"Normativa\"],\"inLanguage\":\"en-GB\"},{\"@type\":\"WebPage\",\"@id\":\"https:\/\/cfdfeaservice.it\/index.php\/2019\/10\/04\/genova-avviate-le-operazioni-di-sollevamento-del-viadotto-polcevera\/\",\"url\":\"https:\/\/cfdfeaservice.it\/index.php\/2019\/10\/04\/genova-avviate-le-operazioni-di-sollevamento-del-viadotto-polcevera\/\",\"name\":\"Genova, avviate le operazioni di sollevamento del viadotto Polcevera - CFD FEA\/FEM Service\",\"isPartOf\":{\"@id\":\"https:\/\/cfdfeaservice.it\/#website\"},\"datePublished\":\"2019-10-04T01:00:50+00:00\",\"breadcrumb\":{\"@id\":\"https:\/\/cfdfeaservice.it\/index.php\/2019\/10\/04\/genova-avviate-le-operazioni-di-sollevamento-del-viadotto-polcevera\/#breadcrumb\"},\"inLanguage\":\"en-GB\",\"potentialAction\":[{\"@type\":\"ReadAction\",\"target\":[\"https:\/\/cfdfeaservice.it\/index.php\/2019\/10\/04\/genova-avviate-le-operazioni-di-sollevamento-del-viadotto-polcevera\/\"]}]},{\"@type\":\"BreadcrumbList\",\"@id\":\"https:\/\/cfdfeaservice.it\/index.php\/2019\/10\/04\/genova-avviate-le-operazioni-di-sollevamento-del-viadotto-polcevera\/#breadcrumb\",\"itemListElement\":[{\"@type\":\"ListItem\",\"position\":1,\"name\":\"Home\",\"item\":\"https:\/\/cfdfeaservice.it\/\"},{\"@type\":\"ListItem\",\"position\":2,\"name\":\"Genova, avviate le operazioni di sollevamento del viadotto Polcevera\"}]},{\"@type\":\"WebSite\",\"@id\":\"https:\/\/cfdfeaservice.it\/#website\",\"url\":\"https:\/\/cfdfeaservice.it\/\",\"name\":\"CFD FEA\/FEM Service\",\"description\":\"Servizi di ingegneria 4.0\",\"publisher\":{\"@id\":\"https:\/\/cfdfeaservice.it\/#organization\"},\"potentialAction\":[{\"@type\":\"SearchAction\",\"target\":{\"@type\":\"EntryPoint\",\"urlTemplate\":\"https:\/\/cfdfeaservice.it\/?s={search_term_string}\"},\"query-input\":{\"@type\":\"PropertyValueSpecification\",\"valueRequired\":true,\"valueName\":\"search_term_string\"}}],\"inLanguage\":\"en-GB\"},{\"@type\":\"Organization\",\"@id\":\"https:\/\/cfdfeaservice.it\/#organization\",\"name\":\"CFD FEA SERVICE SRL\",\"url\":\"https:\/\/cfdfeaservice.it\/\",\"logo\":{\"@type\":\"ImageObject\",\"inLanguage\":\"en-GB\",\"@id\":\"https:\/\/cfdfeaservice.it\/#\/schema\/logo\/image\/\",\"url\":\"https:\/\/i2.wp.com\/cfdfeaservice.it\/wp-content\/uploads\/2018\/07\/CFD-FEA-SERVICE-Compact.png?fit=677%2C178&ssl=1\",\"contentUrl\":\"https:\/\/i2.wp.com\/cfdfeaservice.it\/wp-content\/uploads\/2018\/07\/CFD-FEA-SERVICE-Compact.png?fit=677%2C178&ssl=1\",\"width\":677,\"height\":178,\"caption\":\"CFD FEA SERVICE SRL\"},\"image\":{\"@id\":\"https:\/\/cfdfeaservice.it\/#\/schema\/logo\/image\/\"},\"sameAs\":[\"https:\/\/www.facebook.com\/cfdfeaservice\",\"https:\/\/www.linkedin.com\/company\/11421185\/\",\"https:\/\/www.youtube.com\/channel\/UCr2h1DbpsNDKJSBAgeWMbfA\"]},{\"@type\":\"Person\",\"@id\":\"https:\/\/cfdfeaservice.it\/#\/schema\/person\/c3b6ebdd7f80794fe6e6657f2f5335e7\",\"name\":\"CFD FEA SERVICE\",\"image\":{\"@type\":\"ImageObject\",\"inLanguage\":\"en-GB\",\"@id\":\"https:\/\/cfdfeaservice.it\/#\/schema\/person\/image\/\",\"url\":\"https:\/\/secure.gravatar.com\/avatar\/a34dbcf675cd4152f1184664b3adcb72?s=96&d=mm&r=g\",\"contentUrl\":\"https:\/\/secure.gravatar.com\/avatar\/a34dbcf675cd4152f1184664b3adcb72?s=96&d=mm&r=g\",\"caption\":\"CFD FEA SERVICE\"},\"url\":\"https:\/\/cfdfeaservice.it\/index.php\/author\/cfd-fea-service\/\"}]}<\/script>\n<!-- \/ Yoast SEO plugin. -->","yoast_head_json":{"title":"Genova, avviate le operazioni di sollevamento del viadotto Polcevera - CFD FEA\/FEM Service","robots":{"index":"index","follow":"follow","max-snippet":"max-snippet:-1","max-image-preview":"max-image-preview:large","max-video-preview":"max-video-preview:-1"},"canonical":"https:\/\/cfdfeaservice.it\/index.php\/2019\/10\/04\/genova-avviate-le-operazioni-di-sollevamento-del-viadotto-polcevera\/","og_locale":"en_GB","og_type":"article","og_title":"Genova, avviate le operazioni di sollevamento del viadotto Polcevera - CFD FEA\/FEM Service","og_description":"La ministra delle Infrastrutture e dei Trasporti Paola De Micheli ha partecipato a Genova alla cerimonia di avvio delle operazioni di sollevamento della prima parte di impalcato del nuovo viadotto Polcevera. \u201cUn commosso e sincero ricordo delle vittime e un abbraccio alle famiglie che ho incontrato in passato \u2013 ha [&hellip;]","og_url":"https:\/\/cfdfeaservice.it\/index.php\/2019\/10\/04\/genova-avviate-le-operazioni-di-sollevamento-del-viadotto-polcevera\/","og_site_name":"CFD FEA\/FEM Service","article_publisher":"https:\/\/www.facebook.com\/cfdfeaservice","article_published_time":"2019-10-04T01:00:50+00:00","author":"CFD FEA SERVICE","twitter_card":"summary_large_image","twitter_misc":{"Written by":"CFD FEA SERVICE","Estimated reading time":"5 minutes"},"schema":{"@context":"https:\/\/schema.org","@graph":[{"@type":"Article","@id":"https:\/\/cfdfeaservice.it\/index.php\/2019\/10\/04\/genova-avviate-le-operazioni-di-sollevamento-del-viadotto-polcevera\/#article","isPartOf":{"@id":"https:\/\/cfdfeaservice.it\/index.php\/2019\/10\/04\/genova-avviate-le-operazioni-di-sollevamento-del-viadotto-polcevera\/"},"author":{"name":"CFD FEA SERVICE","@id":"https:\/\/cfdfeaservice.it\/#\/schema\/person\/c3b6ebdd7f80794fe6e6657f2f5335e7"},"headline":"Genova, avviate le operazioni di sollevamento del viadotto Polcevera","datePublished":"2019-10-04T01:00:50+00:00","mainEntityOfPage":{"@id":"https:\/\/cfdfeaservice.it\/index.php\/2019\/10\/04\/genova-avviate-le-operazioni-di-sollevamento-del-viadotto-polcevera\/"},"wordCount":919,"publisher":{"@id":"https:\/\/cfdfeaservice.it\/#organization"},"articleSection":["Normativa"],"inLanguage":"en-GB"},{"@type":"WebPage","@id":"https:\/\/cfdfeaservice.it\/index.php\/2019\/10\/04\/genova-avviate-le-operazioni-di-sollevamento-del-viadotto-polcevera\/","url":"https:\/\/cfdfeaservice.it\/index.php\/2019\/10\/04\/genova-avviate-le-operazioni-di-sollevamento-del-viadotto-polcevera\/","name":"Genova, avviate le operazioni di sollevamento del viadotto Polcevera - CFD FEA\/FEM Service","isPartOf":{"@id":"https:\/\/cfdfeaservice.it\/#website"},"datePublished":"2019-10-04T01:00:50+00:00","breadcrumb":{"@id":"https:\/\/cfdfeaservice.it\/index.php\/2019\/10\/04\/genova-avviate-le-operazioni-di-sollevamento-del-viadotto-polcevera\/#breadcrumb"},"inLanguage":"en-GB","potentialAction":[{"@type":"ReadAction","target":["https:\/\/cfdfeaservice.it\/index.php\/2019\/10\/04\/genova-avviate-le-operazioni-di-sollevamento-del-viadotto-polcevera\/"]}]},{"@type":"BreadcrumbList","@id":"https:\/\/cfdfeaservice.it\/index.php\/2019\/10\/04\/genova-avviate-le-operazioni-di-sollevamento-del-viadotto-polcevera\/#breadcrumb","itemListElement":[{"@type":"ListItem","position":1,"name":"Home","item":"https:\/\/cfdfeaservice.it\/"},{"@type":"ListItem","position":2,"name":"Genova, avviate le operazioni di sollevamento del viadotto Polcevera"}]},{"@type":"WebSite","@id":"https:\/\/cfdfeaservice.it\/#website","url":"https:\/\/cfdfeaservice.it\/","name":"CFD FEA\/FEM Service","description":"Servizi di ingegneria 4.0","publisher":{"@id":"https:\/\/cfdfeaservice.it\/#organization"},"potentialAction":[{"@type":"SearchAction","target":{"@type":"EntryPoint","urlTemplate":"https:\/\/cfdfeaservice.it\/?s={search_term_string}"},"query-input":{"@type":"PropertyValueSpecification","valueRequired":true,"valueName":"search_term_string"}}],"inLanguage":"en-GB"},{"@type":"Organization","@id":"https:\/\/cfdfeaservice.it\/#organization","name":"CFD FEA SERVICE SRL","url":"https:\/\/cfdfeaservice.it\/","logo":{"@type":"ImageObject","inLanguage":"en-GB","@id":"https:\/\/cfdfeaservice.it\/#\/schema\/logo\/image\/","url":"https:\/\/i2.wp.com\/cfdfeaservice.it\/wp-content\/uploads\/2018\/07\/CFD-FEA-SERVICE-Compact.png?fit=677%2C178&ssl=1","contentUrl":"https:\/\/i2.wp.com\/cfdfeaservice.it\/wp-content\/uploads\/2018\/07\/CFD-FEA-SERVICE-Compact.png?fit=677%2C178&ssl=1","width":677,"height":178,"caption":"CFD FEA SERVICE SRL"},"image":{"@id":"https:\/\/cfdfeaservice.it\/#\/schema\/logo\/image\/"},"sameAs":["https:\/\/www.facebook.com\/cfdfeaservice","https:\/\/www.linkedin.com\/company\/11421185\/","https:\/\/www.youtube.com\/channel\/UCr2h1DbpsNDKJSBAgeWMbfA"]},{"@type":"Person","@id":"https:\/\/cfdfeaservice.it\/#\/schema\/person\/c3b6ebdd7f80794fe6e6657f2f5335e7","name":"CFD FEA SERVICE","image":{"@type":"ImageObject","inLanguage":"en-GB","@id":"https:\/\/cfdfeaservice.it\/#\/schema\/person\/image\/","url":"https:\/\/secure.gravatar.com\/avatar\/a34dbcf675cd4152f1184664b3adcb72?s=96&d=mm&r=g","contentUrl":"https:\/\/secure.gravatar.com\/avatar\/a34dbcf675cd4152f1184664b3adcb72?s=96&d=mm&r=g","caption":"CFD FEA SERVICE"},"url":"https:\/\/cfdfeaservice.it\/index.php\/author\/cfd-fea-service\/"}]}},"jetpack_featured_media_url":"","jetpack_shortlink":"https:\/\/wp.me\/p9JrPq-3Iu","jetpack_sharing_enabled":true,"_links":{"self":[{"href":"https:\/\/cfdfeaservice.it\/index.php\/wp-json\/wp\/v2\/posts\/14290","targetHints":{"allow":["GET"]}}],"collection":[{"href":"https:\/\/cfdfeaservice.it\/index.php\/wp-json\/wp\/v2\/posts"}],"about":[{"href":"https:\/\/cfdfeaservice.it\/index.php\/wp-json\/wp\/v2\/types\/post"}],"author":[{"embeddable":true,"href":"https:\/\/cfdfeaservice.it\/index.php\/wp-json\/wp\/v2\/users\/8"}],"replies":[{"embeddable":true,"href":"https:\/\/cfdfeaservice.it\/index.php\/wp-json\/wp\/v2\/comments?post=14290"}],"version-history":[{"count":0,"href":"https:\/\/cfdfeaservice.it\/index.php\/wp-json\/wp\/v2\/posts\/14290\/revisions"}],"wp:attachment":[{"href":"https:\/\/cfdfeaservice.it\/index.php\/wp-json\/wp\/v2\/media?parent=14290"}],"wp:term":[{"taxonomy":"category","embeddable":true,"href":"https:\/\/cfdfeaservice.it\/index.php\/wp-json\/wp\/v2\/categories?post=14290"},{"taxonomy":"post_tag","embeddable":true,"href":"https:\/\/cfdfeaservice.it\/index.php\/wp-json\/wp\/v2\/tags?post=14290"}],"curies":[{"name":"wp","href":"https:\/\/api.w.org\/{rel}","templated":true}]}}