{"id":15067,"date":"2019-10-29T03:00:48","date_gmt":"2019-10-29T02:00:48","guid":{"rendered":"https:\/\/cfdfeaservice.it\/index.php\/2019\/10\/29\/il-parco-del-ponte-di-genova-e-stato-presentato-con-tutti-gli-onori-a-parigi-il-25-ottobre\/"},"modified":"2019-10-29T03:00:48","modified_gmt":"2019-10-29T02:00:48","slug":"il-parco-del-ponte-di-genova-e-stato-presentato-con-tutti-gli-onori-a-parigi-il-25-ottobre","status":"publish","type":"post","link":"https:\/\/cfdfeaservice.it\/index.php\/2019\/10\/29\/il-parco-del-ponte-di-genova-e-stato-presentato-con-tutti-gli-onori-a-parigi-il-25-ottobre\/","title":{"rendered":"Il Parco del Ponte di Genova \u00e8 stato presentato (con tutti gli onori) a Parigi il 25 ottobre"},"content":{"rendered":"<div>\n<p>Importante riconoscimento per il concorso \u201cIl Parco del Ponte\u201d<br \/>\nper la rigenerazione della Val Polcevera dopo il drammatico crollo<br \/>\ndel Ponte Morandi: il prossimo 25 ottobre sar\u00e0 infatti presentato,<br \/>\nquale esempio di best practice, al quartier generale dell\u2019Unesco a<br \/>\nParigi, nell\u2019ambito della Conferenza internazionale sui Concorsi di<br \/>\nProgettazione organizzata dagli organismi internazionali degli<br \/>\nArchitetti, UIA e CAE.<\/p>\n<p>\u201cQuesto per noi \u2013 dice Diego Zoppi, Coordinatore del<br \/>\nDipartimento Politiche urbane e territoriali del Consiglio Nazionale<br \/>\ndegli Architetti, Pianificatori, Paesaggisti e Conservatori \u2013 \u00e8 un<br \/>\nimportante riconoscimento e premia la determinazione del Consiglio<br \/>\nNazionale e dell\u2019Ordine degli Architetti della Provincia di Genova<br \/>\naffinch\u00e9 il Comune di Genova utilizzasse lo strumento del concorso<br \/>\ndi progettazione a due gradi. Concorso che, al termine, ha permesso<br \/>\ndi individuare, in tempi certi e con trasparenza, la migliore<br \/>\nproposta presentata: in questo caso, quella del team composto da<br \/>\nStefano Boeri Architetti, Metrogramma e Inside Outside con Mobility<br \/>\nin Chain, Transsolar, Tempo Riuso, H&#038;A Associati, Laura Gatti,<br \/>\nLuca Vitone e Accotto Secondo Antonio.<\/p>\n<blockquote class=\"wp-block-quote\">\n<p>\u201cTra gli elementi che caratterizzano il concorso a due gradi va segnalato che esso fornisce pari opportunit\u00e0 per professionisti senior e junior; e che vi \u00e8 la possibilit\u00e0 di avere una risposta alla complessit\u00e0 del tema della rigenerazione e alla domanda di qualit\u00e0, grazie alla presenza di figure professionali che affiancano gli architetti (urbanisti, economisti urbani, paesaggisti, esperti in percorsi partecipativi, artisti, ecologi, geologi, ecc.) potendo quindi fruire di un approccio multidisciplinare\u201d.<\/p>\n<\/blockquote>\n<p>Zoppi, che illustrer\u00e0 a Parigi \u201cIl Parco del Ponte\u201d,<br \/>\nsottolinea che \u201coltre alla rapidit\u00e0 del processo progettuale il<br \/>\nconcorso in due gradi consente la riduzione di conflitti e,<br \/>\nprevedendo un compenso a tutti gli ammessi al secondo grado e<br \/>\nl\u2019affidamento al vincitore degli altri livelli della progettazione,<br \/>\nconsente di essere rispettosi della dignit\u00e0 dei progettisti. Il<br \/>\nnostro auspicio \u00e8 che esso diventi un modello ed una via innovativa,<br \/>\nnel nostro Paese per la progettazione di opere pubbliche di<br \/>\narchitettura e di rigenerazione urbana\u201d.<\/p>\n<h3>\u201cDi enorme qualit\u00e0 e prestigio \u2013 spiega Paolo Raffetto, Presidente dell\u2019Ordine degli Architetti di Genova \u2013 i nomi degli studi firmatari dei 31 progetti presentati, tutti di livello assoluto. <\/h3>\n<p>Questo \u00e8 un elemento di grande valore aggiunto perch\u00e9 si \u00e8 riusciti a mettere Genova al centro dell\u2019attenzione dei maggiori architetti italiani e stranieri. L\u2019auspicio \u00e8 che, ora, tutti i progetti possano essere esposti in un\u2019unica grande mostra di richiamo internazionale\u201d.<\/p>\n<blockquote class=\"wp-block-quote\">\n<p>\u201cLa strada segnata da questa esperienza \u00e8 senza dubbio quella giusta: il concorso di progettazione rappresenta lo strumento pi\u00f9 opportuno ed efficace con cui intraprendere i percorsi di rigenerazione urbana, perch\u00e9 mette al centro la qualit\u00e0 dell\u2019architettura e punta sulla partecipazione dell\u2019opinione pubblica al processo decisionale: da questo punto di vista, anzi, \u00e8 auspicabile una revisione della legge sui concorsi, tale da renderne palese la seconda fase, proprio con l\u2019obiettivo di coinvolgere nel dibattito sulle trasformazioni delle nostre citt\u00e0 un pubblico sempre pi\u00f9 vasto e informato\u201d.<\/p>\n<\/blockquote>\n<h3>Un altro elemento importante \u00e8 rappresentato dalla rapidit\u00e0 del processo progettuale: nel caso del Polcevera, il bando prevedeva l\u2019inizio del 1\u00b0 Grado del Concorso il 10 maggio e la chiusura del 2\u00b0 grado il 10 settembre.<\/h3>\n<p> Il 17 settembre la Giuria ha scelto il Progetto Vincitore: in soli quattro mesi, dunque, l\u2019Amministrazione Comunale ha ottenuto il progetto di prefattibilit\u00e0; nei mesi di ottobre e dicembre verr\u00e0 svolto il Debate Public, a fine anno verr\u00e0 consegnato il Progetto Definitivo del Parco del Ponte (Esteso su 120.000 mq). Il Progetto esecutivo \u00e8 previsto per i primi mesi del 2020 in modo da aprire le procedure di gara in primavera 2020: meno di 12 mesi dall\u2019inizio del percorso progettuale, fatto assolutamente inconsueto per il nostro Paese.<\/p>\n<p>L&#8217;articolo <a rel=\"nofollow\" href=\"https:\/\/www.unioneingegneri.com\/il-parco-del-ponte-di-genova-e-stato-presentato-con-tutti-gli-onori-a-parigi-il-25-ottobre\/\">Il Parco del Ponte di Genova \u00e8 stato presentato (con tutti gli onori) a Parigi il 25 ottobre<\/a> proviene da <a rel=\"nofollow\" href=\"https:\/\/www.unioneingegneri.com\/\">Unione Geometri<\/a>.<\/p>\n<\/div>\n<p><a href=\"https:\/\/www.unioneingegneri.com\/il-parco-del-ponte-di-genova-e-stato-presentato-con-tutti-gli-onori-a-parigi-il-25-ottobre\/\">Vai alla fonte.<\/a><\/p>\n<p>Autore: Mauro Melis<\/p>\n<p class=\"wpematico_credit\"><small>Powered by <a href=\"http:\/\/www.wpematico.com\" target=\"_blank\" rel=\"noopener noreferrer\">WPeMatico<\/a><\/small><\/p>\n<p><strong>_________________________________<\/strong><\/p>\n<p><strong>CFD FEA Service SRL<\/strong> &egrave; una societ&agrave; di servizi che offre <em>consulenza<\/em> e <em>formazione<\/em> in ambito <strong>ingegneria<\/strong> e <strong>IT<\/strong>. Se questo post\/prodotto ti &egrave; piaciuto ti invitiamo a:<\/p>\n<ul>\n<li>visionare il nostro <a href=\"https:\/\/cfdfeaservice.it\/index.php\/blog\/\" target=\"_blank\" rel=\"noopener\">blog<\/a><\/li>\n<li>visionare i <a href=\"https:\/\/cfdfeaservice.it\/index.php\/prodotti\/\" target=\"_blank\" rel=\"noopener\">software<\/a> disponibili - anche per la formazione<\/li>\n<li>iscriverti alla nostra newsletter<\/li>\n<li>entrare in contatto con noi attraverso la <a href=\"https:\/\/cfdfeaservice.it\/#ribbon\" target=\"_blank\" rel=\"noopener\">pagina contatti<\/a><\/li>\n<\/ul>\n<p>Saremo lieti di seguire le tue richieste e fornire risposte alle tue domande.<\/p>","protected":false},"excerpt":{"rendered":"<p>Importante riconoscimento per il concorso \u201cIl Parco del Ponte\u201d per la rigenerazione della Val Polcevera dopo il drammatico crollo del Ponte Morandi: il prossimo 25 ottobre sar\u00e0 infatti presentato, quale esempio di best practice, al quartier generale dell\u2019Unesco a Parigi, nell\u2019ambito della Conferenza internazionale sui Concorsi di Progettazione organizzata dagli [&hellip;]<\/p>\n","protected":false},"author":8,"featured_media":0,"comment_status":"closed","ping_status":"closed","sticky":false,"template":"","format":"standard","meta":{"jetpack_post_was_ever_published":false,"_jetpack_newsletter_access":"","_jetpack_dont_email_post_to_subs":false,"_jetpack_newsletter_tier_id":0,"_jetpack_memberships_contains_paywalled_content":false,"_jetpack_memberships_contains_paid_content":false,"footnotes":""},"categories":[57],"tags":[],"class_list":["post-15067","post","type-post","status-publish","format-standard","hentry","category-normativa"],"yoast_head":"<!-- This site is optimized with the Yoast SEO plugin v26.8 - https:\/\/yoast.com\/product\/yoast-seo-wordpress\/ -->\n<title>Il Parco del Ponte di Genova \u00e8 stato presentato (con tutti gli onori) a Parigi il 25 ottobre - CFD FEA\/FEM Service<\/title>\n<meta name=\"robots\" content=\"index, follow, max-snippet:-1, max-image-preview:large, max-video-preview:-1\" \/>\n<link rel=\"canonical\" href=\"https:\/\/cfdfeaservice.it\/index.php\/2019\/10\/29\/il-parco-del-ponte-di-genova-e-stato-presentato-con-tutti-gli-onori-a-parigi-il-25-ottobre\/\" \/>\n<meta property=\"og:locale\" content=\"en_GB\" \/>\n<meta property=\"og:type\" content=\"article\" \/>\n<meta property=\"og:title\" content=\"Il Parco del Ponte di Genova \u00e8 stato presentato (con tutti gli onori) a Parigi il 25 ottobre - CFD FEA\/FEM Service\" \/>\n<meta property=\"og:description\" content=\"Importante riconoscimento per il concorso \u201cIl Parco del Ponte\u201d per la rigenerazione della Val Polcevera dopo il drammatico crollo del Ponte Morandi: il prossimo 25 ottobre sar\u00e0 infatti presentato, quale esempio di best practice, al quartier generale dell\u2019Unesco a Parigi, nell\u2019ambito della Conferenza internazionale sui Concorsi di Progettazione organizzata dagli [&hellip;]\" \/>\n<meta property=\"og:url\" content=\"https:\/\/cfdfeaservice.it\/index.php\/2019\/10\/29\/il-parco-del-ponte-di-genova-e-stato-presentato-con-tutti-gli-onori-a-parigi-il-25-ottobre\/\" \/>\n<meta property=\"og:site_name\" content=\"CFD FEA\/FEM Service\" \/>\n<meta property=\"article:publisher\" content=\"https:\/\/www.facebook.com\/cfdfeaservice\" \/>\n<meta property=\"article:published_time\" content=\"2019-10-29T02:00:48+00:00\" \/>\n<meta name=\"author\" content=\"CFD FEA SERVICE\" \/>\n<meta name=\"twitter:card\" content=\"summary_large_image\" \/>\n<meta name=\"twitter:label1\" content=\"Written by\" \/>\n\t<meta name=\"twitter:data1\" content=\"CFD FEA SERVICE\" \/>\n\t<meta name=\"twitter:label2\" content=\"Estimated reading time\" \/>\n\t<meta name=\"twitter:data2\" content=\"3 minutes\" \/>\n<script type=\"application\/ld+json\" class=\"yoast-schema-graph\">{\"@context\":\"https:\/\/schema.org\",\"@graph\":[{\"@type\":\"Article\",\"@id\":\"https:\/\/cfdfeaservice.it\/index.php\/2019\/10\/29\/il-parco-del-ponte-di-genova-e-stato-presentato-con-tutti-gli-onori-a-parigi-il-25-ottobre\/#article\",\"isPartOf\":{\"@id\":\"https:\/\/cfdfeaservice.it\/index.php\/2019\/10\/29\/il-parco-del-ponte-di-genova-e-stato-presentato-con-tutti-gli-onori-a-parigi-il-25-ottobre\/\"},\"author\":{\"name\":\"CFD FEA SERVICE\",\"@id\":\"https:\/\/cfdfeaservice.it\/#\/schema\/person\/c3b6ebdd7f80794fe6e6657f2f5335e7\"},\"headline\":\"Il Parco del Ponte di Genova \u00e8 stato presentato (con tutti gli onori) a Parigi il 25 ottobre\",\"datePublished\":\"2019-10-29T02:00:48+00:00\",\"mainEntityOfPage\":{\"@id\":\"https:\/\/cfdfeaservice.it\/index.php\/2019\/10\/29\/il-parco-del-ponte-di-genova-e-stato-presentato-con-tutti-gli-onori-a-parigi-il-25-ottobre\/\"},\"wordCount\":636,\"publisher\":{\"@id\":\"https:\/\/cfdfeaservice.it\/#organization\"},\"articleSection\":[\"Normativa\"],\"inLanguage\":\"en-GB\"},{\"@type\":\"WebPage\",\"@id\":\"https:\/\/cfdfeaservice.it\/index.php\/2019\/10\/29\/il-parco-del-ponte-di-genova-e-stato-presentato-con-tutti-gli-onori-a-parigi-il-25-ottobre\/\",\"url\":\"https:\/\/cfdfeaservice.it\/index.php\/2019\/10\/29\/il-parco-del-ponte-di-genova-e-stato-presentato-con-tutti-gli-onori-a-parigi-il-25-ottobre\/\",\"name\":\"Il Parco del Ponte di Genova \u00e8 stato presentato (con tutti gli onori) a Parigi il 25 ottobre - CFD FEA\/FEM Service\",\"isPartOf\":{\"@id\":\"https:\/\/cfdfeaservice.it\/#website\"},\"datePublished\":\"2019-10-29T02:00:48+00:00\",\"breadcrumb\":{\"@id\":\"https:\/\/cfdfeaservice.it\/index.php\/2019\/10\/29\/il-parco-del-ponte-di-genova-e-stato-presentato-con-tutti-gli-onori-a-parigi-il-25-ottobre\/#breadcrumb\"},\"inLanguage\":\"en-GB\",\"potentialAction\":[{\"@type\":\"ReadAction\",\"target\":[\"https:\/\/cfdfeaservice.it\/index.php\/2019\/10\/29\/il-parco-del-ponte-di-genova-e-stato-presentato-con-tutti-gli-onori-a-parigi-il-25-ottobre\/\"]}]},{\"@type\":\"BreadcrumbList\",\"@id\":\"https:\/\/cfdfeaservice.it\/index.php\/2019\/10\/29\/il-parco-del-ponte-di-genova-e-stato-presentato-con-tutti-gli-onori-a-parigi-il-25-ottobre\/#breadcrumb\",\"itemListElement\":[{\"@type\":\"ListItem\",\"position\":1,\"name\":\"Home\",\"item\":\"https:\/\/cfdfeaservice.it\/\"},{\"@type\":\"ListItem\",\"position\":2,\"name\":\"Il Parco del Ponte di Genova \u00e8 stato presentato (con tutti gli onori) a Parigi il 25 ottobre\"}]},{\"@type\":\"WebSite\",\"@id\":\"https:\/\/cfdfeaservice.it\/#website\",\"url\":\"https:\/\/cfdfeaservice.it\/\",\"name\":\"CFD FEA\/FEM Service\",\"description\":\"Servizi di ingegneria 4.0\",\"publisher\":{\"@id\":\"https:\/\/cfdfeaservice.it\/#organization\"},\"potentialAction\":[{\"@type\":\"SearchAction\",\"target\":{\"@type\":\"EntryPoint\",\"urlTemplate\":\"https:\/\/cfdfeaservice.it\/?s={search_term_string}\"},\"query-input\":{\"@type\":\"PropertyValueSpecification\",\"valueRequired\":true,\"valueName\":\"search_term_string\"}}],\"inLanguage\":\"en-GB\"},{\"@type\":\"Organization\",\"@id\":\"https:\/\/cfdfeaservice.it\/#organization\",\"name\":\"CFD FEA SERVICE SRL\",\"url\":\"https:\/\/cfdfeaservice.it\/\",\"logo\":{\"@type\":\"ImageObject\",\"inLanguage\":\"en-GB\",\"@id\":\"https:\/\/cfdfeaservice.it\/#\/schema\/logo\/image\/\",\"url\":\"https:\/\/i2.wp.com\/cfdfeaservice.it\/wp-content\/uploads\/2018\/07\/CFD-FEA-SERVICE-Compact.png?fit=677%2C178&ssl=1\",\"contentUrl\":\"https:\/\/i2.wp.com\/cfdfeaservice.it\/wp-content\/uploads\/2018\/07\/CFD-FEA-SERVICE-Compact.png?fit=677%2C178&ssl=1\",\"width\":677,\"height\":178,\"caption\":\"CFD FEA SERVICE SRL\"},\"image\":{\"@id\":\"https:\/\/cfdfeaservice.it\/#\/schema\/logo\/image\/\"},\"sameAs\":[\"https:\/\/www.facebook.com\/cfdfeaservice\",\"https:\/\/www.linkedin.com\/company\/11421185\/\",\"https:\/\/www.youtube.com\/channel\/UCr2h1DbpsNDKJSBAgeWMbfA\"]},{\"@type\":\"Person\",\"@id\":\"https:\/\/cfdfeaservice.it\/#\/schema\/person\/c3b6ebdd7f80794fe6e6657f2f5335e7\",\"name\":\"CFD FEA SERVICE\",\"image\":{\"@type\":\"ImageObject\",\"inLanguage\":\"en-GB\",\"@id\":\"https:\/\/cfdfeaservice.it\/#\/schema\/person\/image\/\",\"url\":\"https:\/\/secure.gravatar.com\/avatar\/a34dbcf675cd4152f1184664b3adcb72?s=96&d=mm&r=g\",\"contentUrl\":\"https:\/\/secure.gravatar.com\/avatar\/a34dbcf675cd4152f1184664b3adcb72?s=96&d=mm&r=g\",\"caption\":\"CFD FEA SERVICE\"},\"url\":\"https:\/\/cfdfeaservice.it\/index.php\/author\/cfd-fea-service\/\"}]}<\/script>\n<!-- \/ Yoast SEO plugin. -->","yoast_head_json":{"title":"Il Parco del Ponte di Genova \u00e8 stato presentato (con tutti gli onori) a Parigi il 25 ottobre - CFD FEA\/FEM Service","robots":{"index":"index","follow":"follow","max-snippet":"max-snippet:-1","max-image-preview":"max-image-preview:large","max-video-preview":"max-video-preview:-1"},"canonical":"https:\/\/cfdfeaservice.it\/index.php\/2019\/10\/29\/il-parco-del-ponte-di-genova-e-stato-presentato-con-tutti-gli-onori-a-parigi-il-25-ottobre\/","og_locale":"en_GB","og_type":"article","og_title":"Il Parco del Ponte di Genova \u00e8 stato presentato (con tutti gli onori) a Parigi il 25 ottobre - CFD FEA\/FEM Service","og_description":"Importante riconoscimento per il concorso \u201cIl Parco del Ponte\u201d per la rigenerazione della Val Polcevera dopo il drammatico crollo del Ponte Morandi: il prossimo 25 ottobre sar\u00e0 infatti presentato, quale esempio di best practice, al quartier generale dell\u2019Unesco a Parigi, nell\u2019ambito della Conferenza internazionale sui Concorsi di Progettazione organizzata dagli [&hellip;]","og_url":"https:\/\/cfdfeaservice.it\/index.php\/2019\/10\/29\/il-parco-del-ponte-di-genova-e-stato-presentato-con-tutti-gli-onori-a-parigi-il-25-ottobre\/","og_site_name":"CFD FEA\/FEM Service","article_publisher":"https:\/\/www.facebook.com\/cfdfeaservice","article_published_time":"2019-10-29T02:00:48+00:00","author":"CFD FEA SERVICE","twitter_card":"summary_large_image","twitter_misc":{"Written by":"CFD FEA SERVICE","Estimated reading time":"3 minutes"},"schema":{"@context":"https:\/\/schema.org","@graph":[{"@type":"Article","@id":"https:\/\/cfdfeaservice.it\/index.php\/2019\/10\/29\/il-parco-del-ponte-di-genova-e-stato-presentato-con-tutti-gli-onori-a-parigi-il-25-ottobre\/#article","isPartOf":{"@id":"https:\/\/cfdfeaservice.it\/index.php\/2019\/10\/29\/il-parco-del-ponte-di-genova-e-stato-presentato-con-tutti-gli-onori-a-parigi-il-25-ottobre\/"},"author":{"name":"CFD FEA SERVICE","@id":"https:\/\/cfdfeaservice.it\/#\/schema\/person\/c3b6ebdd7f80794fe6e6657f2f5335e7"},"headline":"Il Parco del Ponte di Genova \u00e8 stato presentato (con tutti gli onori) a Parigi il 25 ottobre","datePublished":"2019-10-29T02:00:48+00:00","mainEntityOfPage":{"@id":"https:\/\/cfdfeaservice.it\/index.php\/2019\/10\/29\/il-parco-del-ponte-di-genova-e-stato-presentato-con-tutti-gli-onori-a-parigi-il-25-ottobre\/"},"wordCount":636,"publisher":{"@id":"https:\/\/cfdfeaservice.it\/#organization"},"articleSection":["Normativa"],"inLanguage":"en-GB"},{"@type":"WebPage","@id":"https:\/\/cfdfeaservice.it\/index.php\/2019\/10\/29\/il-parco-del-ponte-di-genova-e-stato-presentato-con-tutti-gli-onori-a-parigi-il-25-ottobre\/","url":"https:\/\/cfdfeaservice.it\/index.php\/2019\/10\/29\/il-parco-del-ponte-di-genova-e-stato-presentato-con-tutti-gli-onori-a-parigi-il-25-ottobre\/","name":"Il Parco del Ponte di Genova \u00e8 stato presentato (con tutti gli onori) a Parigi il 25 ottobre - CFD FEA\/FEM Service","isPartOf":{"@id":"https:\/\/cfdfeaservice.it\/#website"},"datePublished":"2019-10-29T02:00:48+00:00","breadcrumb":{"@id":"https:\/\/cfdfeaservice.it\/index.php\/2019\/10\/29\/il-parco-del-ponte-di-genova-e-stato-presentato-con-tutti-gli-onori-a-parigi-il-25-ottobre\/#breadcrumb"},"inLanguage":"en-GB","potentialAction":[{"@type":"ReadAction","target":["https:\/\/cfdfeaservice.it\/index.php\/2019\/10\/29\/il-parco-del-ponte-di-genova-e-stato-presentato-con-tutti-gli-onori-a-parigi-il-25-ottobre\/"]}]},{"@type":"BreadcrumbList","@id":"https:\/\/cfdfeaservice.it\/index.php\/2019\/10\/29\/il-parco-del-ponte-di-genova-e-stato-presentato-con-tutti-gli-onori-a-parigi-il-25-ottobre\/#breadcrumb","itemListElement":[{"@type":"ListItem","position":1,"name":"Home","item":"https:\/\/cfdfeaservice.it\/"},{"@type":"ListItem","position":2,"name":"Il Parco del Ponte di Genova \u00e8 stato presentato (con tutti gli onori) a Parigi il 25 ottobre"}]},{"@type":"WebSite","@id":"https:\/\/cfdfeaservice.it\/#website","url":"https:\/\/cfdfeaservice.it\/","name":"CFD FEA\/FEM Service","description":"Servizi di ingegneria 4.0","publisher":{"@id":"https:\/\/cfdfeaservice.it\/#organization"},"potentialAction":[{"@type":"SearchAction","target":{"@type":"EntryPoint","urlTemplate":"https:\/\/cfdfeaservice.it\/?s={search_term_string}"},"query-input":{"@type":"PropertyValueSpecification","valueRequired":true,"valueName":"search_term_string"}}],"inLanguage":"en-GB"},{"@type":"Organization","@id":"https:\/\/cfdfeaservice.it\/#organization","name":"CFD FEA SERVICE SRL","url":"https:\/\/cfdfeaservice.it\/","logo":{"@type":"ImageObject","inLanguage":"en-GB","@id":"https:\/\/cfdfeaservice.it\/#\/schema\/logo\/image\/","url":"https:\/\/i2.wp.com\/cfdfeaservice.it\/wp-content\/uploads\/2018\/07\/CFD-FEA-SERVICE-Compact.png?fit=677%2C178&ssl=1","contentUrl":"https:\/\/i2.wp.com\/cfdfeaservice.it\/wp-content\/uploads\/2018\/07\/CFD-FEA-SERVICE-Compact.png?fit=677%2C178&ssl=1","width":677,"height":178,"caption":"CFD FEA SERVICE SRL"},"image":{"@id":"https:\/\/cfdfeaservice.it\/#\/schema\/logo\/image\/"},"sameAs":["https:\/\/www.facebook.com\/cfdfeaservice","https:\/\/www.linkedin.com\/company\/11421185\/","https:\/\/www.youtube.com\/channel\/UCr2h1DbpsNDKJSBAgeWMbfA"]},{"@type":"Person","@id":"https:\/\/cfdfeaservice.it\/#\/schema\/person\/c3b6ebdd7f80794fe6e6657f2f5335e7","name":"CFD FEA SERVICE","image":{"@type":"ImageObject","inLanguage":"en-GB","@id":"https:\/\/cfdfeaservice.it\/#\/schema\/person\/image\/","url":"https:\/\/secure.gravatar.com\/avatar\/a34dbcf675cd4152f1184664b3adcb72?s=96&d=mm&r=g","contentUrl":"https:\/\/secure.gravatar.com\/avatar\/a34dbcf675cd4152f1184664b3adcb72?s=96&d=mm&r=g","caption":"CFD FEA SERVICE"},"url":"https:\/\/cfdfeaservice.it\/index.php\/author\/cfd-fea-service\/"}]}},"jetpack_featured_media_url":"","jetpack_shortlink":"https:\/\/wp.me\/p9JrPq-3V1","jetpack_sharing_enabled":true,"_links":{"self":[{"href":"https:\/\/cfdfeaservice.it\/index.php\/wp-json\/wp\/v2\/posts\/15067","targetHints":{"allow":["GET"]}}],"collection":[{"href":"https:\/\/cfdfeaservice.it\/index.php\/wp-json\/wp\/v2\/posts"}],"about":[{"href":"https:\/\/cfdfeaservice.it\/index.php\/wp-json\/wp\/v2\/types\/post"}],"author":[{"embeddable":true,"href":"https:\/\/cfdfeaservice.it\/index.php\/wp-json\/wp\/v2\/users\/8"}],"replies":[{"embeddable":true,"href":"https:\/\/cfdfeaservice.it\/index.php\/wp-json\/wp\/v2\/comments?post=15067"}],"version-history":[{"count":0,"href":"https:\/\/cfdfeaservice.it\/index.php\/wp-json\/wp\/v2\/posts\/15067\/revisions"}],"wp:attachment":[{"href":"https:\/\/cfdfeaservice.it\/index.php\/wp-json\/wp\/v2\/media?parent=15067"}],"wp:term":[{"taxonomy":"category","embeddable":true,"href":"https:\/\/cfdfeaservice.it\/index.php\/wp-json\/wp\/v2\/categories?post=15067"},{"taxonomy":"post_tag","embeddable":true,"href":"https:\/\/cfdfeaservice.it\/index.php\/wp-json\/wp\/v2\/tags?post=15067"}],"curies":[{"name":"wp","href":"https:\/\/api.w.org\/{rel}","templated":true}]}}