{"id":15750,"date":"2019-11-20T03:01:45","date_gmt":"2019-11-20T02:01:45","guid":{"rendered":"https:\/\/cfdfeaservice.it\/index.php\/2019\/11\/20\/chi-sono-i-vincitori-del-premio-architetto-italiano-dellanno-2019-e-giovane-talento-dellarchitettura-italiana-2019\/"},"modified":"2019-11-20T03:01:45","modified_gmt":"2019-11-20T02:01:45","slug":"chi-sono-i-vincitori-del-premio-architetto-italiano-dellanno-2019-e-giovane-talento-dellarchitettura-italiana-2019","status":"publish","type":"post","link":"https:\/\/cfdfeaservice.it\/index.php\/2019\/11\/20\/chi-sono-i-vincitori-del-premio-architetto-italiano-dellanno-2019-e-giovane-talento-dellarchitettura-italiana-2019\/","title":{"rendered":"Chi sono i vincitori del premio Architetto Italiano dell\u2019anno 2019 e Giovane Talento dell\u2019Architettura italiana 2019?"},"content":{"rendered":"<div>\n<p>Lo studio Bergmeisterwolf architekten di Gerd Bergmeister e<br \/>\nMichaela Wolf e BDR Bureau di Alberto Bottero e Simona Della Rocca<br \/>\nsono i vincitori, rispettivamente, dei Premi \u201cArchitetto italiano<br \/>\n2019\u201d e \u201cGiovane Talento dell\u2019Architettura italiana 2019\u201d.<\/p>\n<p>Per il primo, ad essere premiato \u00e8 stato il progetto dell\u2019Hotel<br \/>\nBelvedere, a San Genesio (Bolzano) che, secondo la giuria presieduta<br \/>\nda Winy Maas, fondatore dello studio MVRDV, direttore di Domus per il<br \/>\n2019, come opera di nuova costruzione \u201crisponde al contesto con<br \/>\nattenzione ai materiali e con una audace soluzione formale\u201d.<\/p>\n<h3>Per il secondo, la giuria ha scelto il progetto di<br \/>\nristrutturazione della Scuola Enrico Fermi, a Torino, che, come si<br \/>\nlegge nelle motivazioni \u201c\u00e8 attento alle necessit\u00e0 dei fruitori e<br \/>\nsi caratterizza per la grande eleganza in un progetto gioioso\u201d.<\/h3>\n<p>I due Premi \u2013 che il Consiglio Nazionale degli Architetti, Pianificatori, Paesaggisti e Conservatori bandisce tradizionalemente con la rete degli Ordini provinciali per dare visibilit\u00e0 a quegli architetti italiani che si ritiene rappresentino un\u2019eccellenza \u2013 sono stati assegnati pochi giorni fa a C\u00e0 Giustinian, sede della Biennale di Venezia, nel corso della settima edizione della Festa dell\u2019Architetto.<\/p>\n<h3> Appuntamento che \u00e8 stato confermato nonostante queste ore drammatiche  proprio per testimoniare la solidariet\u00e0 e la vicinanza degli Architetti italiani alla citt\u00e0 di Venezia ed ai suoi abitanti.<\/h3>\n<p>Sono state anche attribuite una serie di Menzioni: per la<br \/>\ncategoria \u201cOpere di Allestimento o di Interni\u201d allo studio<br \/>\nGnomone \u2013 di Federica Andreoni, Mattia Biagi, Annachiara Bonora,<br \/>\nValerio Socciarelli \u2013 per il Progetto \u201cTerre in Movimento\u201d al<br \/>\nquale ha partecipato allestendo gli spazi della Chiesa di San<br \/>\nGregorio Illuminatore di Ancona; per la categoria \u201cOpere in Spazi<br \/>\nAperti, Infrastrutture, Paesaggio\u201d a Stifter + Bachmann per \u201cIl<br \/>\nrifugio al Sasso Nero\u201d a San Giovanni (Bolzano); la Menzione per la<br \/>\ncategorie \u201cOpere di design\u201d \u2013 entrata tra i Premi dall\u2019edizione<br \/>\n2018 \u2013 \u00e8 andata a Giacomo Fava per l\u2019Air Purifier, \u201coggetto<br \/>\ninnovativo che esalta il benessere nelle nostre case\u201d.<\/p>\n<blockquote class=\"wp-block-quote\">\n<p>Al vincitore del Premio \u201cArchitetto italiano 2019\u201d \u2013 lo studio Bergmeisterwolf \u2013 \u00e8 andata anche la Menzione per la categoria \u201cOpere di nuova costruzione\u201d; al \u201cGiovane Talento dell\u2019Architettura italiana 2019\u201d quella per la categoria \u201c Opere di Restauro o Recupero\u201d.<\/p>\n<\/blockquote>\n<p>LA Festa dell\u2019Architetto 2019 nel corso della prima giornata \u00e8<br \/>\nstata animata dalle relazioni \u201cDalla citt\u00e0 della paura alla citt\u00e0<br \/>\ndella gioia\u201d di Giovanni Maria Flick, Presidente emerito della<br \/>\nCorte costituzionale; \u201cNeuroscienze e Architettura, Il corpo come<br \/>\nlegame tra mente e spazio\u201d; di Giovani Vecchiato, dell\u2019Istituto<br \/>\ndi Neuroscienze del Consiglio Nazionale delle Ricerche; \u201cEverything<br \/>\nis urbanism\u201d di Winy Maas .<\/p>\n<p>Domani, sabato 16 novembre, alle ore 9,30, sempre a C\u00e0<br \/>\nGiustinian, in programma una lectio interattiva di Jan Knikker, dello<br \/>\nstudio MVRDV, sul tema degli sviluppi urbani con particolare<br \/>\nattenzione ai processi di partecipazione e di comunicazione<br \/>\ndell\u2019architettura che concluder\u00e0 la Festa dell\u2019Architetto 2019.<\/p>\n<blockquote class=\"wp-block-quote\">\n<p>Per la promozione della qualit\u00e0 progettuale architettonica intaliana, una selezione dei progetti che hanno partecipato ai Premi confluir\u00e0, come nelle scorse edizioni della Festa dell\u2019Architetto, nello Yearbook, pubblicazione che si pone l\u2019obiettivo di diventare una delle pi\u00f9 complete raccolte nazionali ed internazionali di Architettura italiana e che viene distribuita in Italia e nelle pi\u00f9 importanti manifestazioni internazionali alle quali partecipa il Consiglio Nazionale degli Architetti.<\/p>\n<\/blockquote>\n<p>La Festa dell\u2019Architetto si svolge nel contesto della Biennale<br \/>\nArte 2019 che sar\u00e0 possibile visitare al termine dei lavori. Per<br \/>\nl\u2019acquisto del biglietto e per ulteriori informazioni visita il sito<br \/>\nwww.labiennale.org.<\/p>\n<p>L&#8217;articolo <a rel=\"nofollow\" href=\"https:\/\/www.unioneingegneri.com\/architetto-italiano-dellanno-2019-e-giovane-talento-dellarchitettura-italiana-2019\/\">Chi sono i vincitori del premio Architetto Italiano dell\u2019anno 2019 e Giovane Talento dell\u2019Architettura italiana 2019?<\/a> proviene da <a rel=\"nofollow\" href=\"https:\/\/www.unioneingegneri.com\/\">Unione Geometri<\/a>.<\/p>\n<\/div>\n<p><a href=\"https:\/\/www.unioneingegneri.com\/architetto-italiano-dellanno-2019-e-giovane-talento-dellarchitettura-italiana-2019\/\">Vai alla fonte.<\/a><\/p>\n<p>Autore: Mauro Melis<\/p>\n<p class=\"wpematico_credit\"><small>Powered by <a href=\"http:\/\/www.wpematico.com\" target=\"_blank\" rel=\"noopener noreferrer\">WPeMatico<\/a><\/small><\/p>\n<p><strong>_________________________________<\/strong><\/p>\n<p><strong>CFD FEA Service SRL<\/strong> &egrave; una societ&agrave; di servizi che offre <em>consulenza<\/em> e <em>formazione<\/em> in ambito <strong>ingegneria<\/strong> e <strong>IT<\/strong>. Se questo post\/prodotto ti &egrave; piaciuto ti invitiamo a:<\/p>\n<ul>\n<li>visionare il nostro <a href=\"https:\/\/cfdfeaservice.it\/index.php\/blog\/\" target=\"_blank\" rel=\"noopener\">blog<\/a><\/li>\n<li>visionare i <a href=\"https:\/\/cfdfeaservice.it\/index.php\/prodotti\/\" target=\"_blank\" rel=\"noopener\">software<\/a> disponibili - anche per la formazione<\/li>\n<li>iscriverti alla nostra newsletter<\/li>\n<li>entrare in contatto con noi attraverso la <a href=\"https:\/\/cfdfeaservice.it\/#ribbon\" target=\"_blank\" rel=\"noopener\">pagina contatti<\/a><\/li>\n<\/ul>\n<p>Saremo lieti di seguire le tue richieste e fornire risposte alle tue domande.<\/p>","protected":false},"excerpt":{"rendered":"<p>Lo studio Bergmeisterwolf architekten di Gerd Bergmeister e Michaela Wolf e BDR Bureau di Alberto Bottero e Simona Della Rocca sono i vincitori, rispettivamente, dei Premi \u201cArchitetto italiano 2019\u201d e \u201cGiovane Talento dell\u2019Architettura italiana 2019\u201d. Per il primo, ad essere premiato \u00e8 stato il progetto dell\u2019Hotel Belvedere, a San Genesio [&hellip;]<\/p>\n","protected":false},"author":8,"featured_media":0,"comment_status":"closed","ping_status":"closed","sticky":false,"template":"","format":"standard","meta":{"jetpack_post_was_ever_published":false,"_jetpack_newsletter_access":"","_jetpack_dont_email_post_to_subs":false,"_jetpack_newsletter_tier_id":0,"_jetpack_memberships_contains_paywalled_content":false,"_jetpack_memberships_contains_paid_content":false,"footnotes":""},"categories":[57],"tags":[],"class_list":["post-15750","post","type-post","status-publish","format-standard","hentry","category-normativa"],"yoast_head":"<!-- This site is optimized with the Yoast SEO plugin v26.8 - https:\/\/yoast.com\/product\/yoast-seo-wordpress\/ -->\n<title>Chi sono i vincitori del premio Architetto Italiano dell\u2019anno 2019 e Giovane Talento dell\u2019Architettura italiana 2019? - CFD FEA\/FEM Service<\/title>\n<meta name=\"robots\" content=\"index, follow, max-snippet:-1, max-image-preview:large, max-video-preview:-1\" \/>\n<link rel=\"canonical\" href=\"https:\/\/cfdfeaservice.it\/index.php\/2019\/11\/20\/chi-sono-i-vincitori-del-premio-architetto-italiano-dellanno-2019-e-giovane-talento-dellarchitettura-italiana-2019\/\" \/>\n<meta property=\"og:locale\" content=\"en_GB\" \/>\n<meta property=\"og:type\" content=\"article\" \/>\n<meta property=\"og:title\" content=\"Chi sono i vincitori del premio Architetto Italiano dell\u2019anno 2019 e Giovane Talento dell\u2019Architettura italiana 2019? - CFD FEA\/FEM Service\" \/>\n<meta property=\"og:description\" content=\"Lo studio Bergmeisterwolf architekten di Gerd Bergmeister e Michaela Wolf e BDR Bureau di Alberto Bottero e Simona Della Rocca sono i vincitori, rispettivamente, dei Premi \u201cArchitetto italiano 2019\u201d e \u201cGiovane Talento dell\u2019Architettura italiana 2019\u201d. Per il primo, ad essere premiato \u00e8 stato il progetto dell\u2019Hotel Belvedere, a San Genesio [&hellip;]\" \/>\n<meta property=\"og:url\" content=\"https:\/\/cfdfeaservice.it\/index.php\/2019\/11\/20\/chi-sono-i-vincitori-del-premio-architetto-italiano-dellanno-2019-e-giovane-talento-dellarchitettura-italiana-2019\/\" \/>\n<meta property=\"og:site_name\" content=\"CFD FEA\/FEM Service\" \/>\n<meta property=\"article:publisher\" content=\"https:\/\/www.facebook.com\/cfdfeaservice\" \/>\n<meta property=\"article:published_time\" content=\"2019-11-20T02:01:45+00:00\" \/>\n<meta name=\"author\" content=\"CFD FEA SERVICE\" \/>\n<meta name=\"twitter:card\" content=\"summary_large_image\" \/>\n<meta name=\"twitter:label1\" content=\"Written by\" \/>\n\t<meta name=\"twitter:data1\" content=\"CFD FEA SERVICE\" \/>\n\t<meta name=\"twitter:label2\" content=\"Estimated reading time\" \/>\n\t<meta name=\"twitter:data2\" content=\"3 minutes\" \/>\n<script type=\"application\/ld+json\" class=\"yoast-schema-graph\">{\"@context\":\"https:\/\/schema.org\",\"@graph\":[{\"@type\":\"Article\",\"@id\":\"https:\/\/cfdfeaservice.it\/index.php\/2019\/11\/20\/chi-sono-i-vincitori-del-premio-architetto-italiano-dellanno-2019-e-giovane-talento-dellarchitettura-italiana-2019\/#article\",\"isPartOf\":{\"@id\":\"https:\/\/cfdfeaservice.it\/index.php\/2019\/11\/20\/chi-sono-i-vincitori-del-premio-architetto-italiano-dellanno-2019-e-giovane-talento-dellarchitettura-italiana-2019\/\"},\"author\":{\"name\":\"CFD FEA SERVICE\",\"@id\":\"https:\/\/cfdfeaservice.it\/#\/schema\/person\/c3b6ebdd7f80794fe6e6657f2f5335e7\"},\"headline\":\"Chi sono i vincitori del premio Architetto Italiano dell\u2019anno 2019 e Giovane Talento dell\u2019Architettura italiana 2019?\",\"datePublished\":\"2019-11-20T02:01:45+00:00\",\"mainEntityOfPage\":{\"@id\":\"https:\/\/cfdfeaservice.it\/index.php\/2019\/11\/20\/chi-sono-i-vincitori-del-premio-architetto-italiano-dellanno-2019-e-giovane-talento-dellarchitettura-italiana-2019\/\"},\"wordCount\":596,\"publisher\":{\"@id\":\"https:\/\/cfdfeaservice.it\/#organization\"},\"articleSection\":[\"Normativa\"],\"inLanguage\":\"en-GB\"},{\"@type\":\"WebPage\",\"@id\":\"https:\/\/cfdfeaservice.it\/index.php\/2019\/11\/20\/chi-sono-i-vincitori-del-premio-architetto-italiano-dellanno-2019-e-giovane-talento-dellarchitettura-italiana-2019\/\",\"url\":\"https:\/\/cfdfeaservice.it\/index.php\/2019\/11\/20\/chi-sono-i-vincitori-del-premio-architetto-italiano-dellanno-2019-e-giovane-talento-dellarchitettura-italiana-2019\/\",\"name\":\"Chi sono i vincitori del premio Architetto Italiano dell\u2019anno 2019 e Giovane Talento dell\u2019Architettura italiana 2019? - CFD FEA\/FEM Service\",\"isPartOf\":{\"@id\":\"https:\/\/cfdfeaservice.it\/#website\"},\"datePublished\":\"2019-11-20T02:01:45+00:00\",\"breadcrumb\":{\"@id\":\"https:\/\/cfdfeaservice.it\/index.php\/2019\/11\/20\/chi-sono-i-vincitori-del-premio-architetto-italiano-dellanno-2019-e-giovane-talento-dellarchitettura-italiana-2019\/#breadcrumb\"},\"inLanguage\":\"en-GB\",\"potentialAction\":[{\"@type\":\"ReadAction\",\"target\":[\"https:\/\/cfdfeaservice.it\/index.php\/2019\/11\/20\/chi-sono-i-vincitori-del-premio-architetto-italiano-dellanno-2019-e-giovane-talento-dellarchitettura-italiana-2019\/\"]}]},{\"@type\":\"BreadcrumbList\",\"@id\":\"https:\/\/cfdfeaservice.it\/index.php\/2019\/11\/20\/chi-sono-i-vincitori-del-premio-architetto-italiano-dellanno-2019-e-giovane-talento-dellarchitettura-italiana-2019\/#breadcrumb\",\"itemListElement\":[{\"@type\":\"ListItem\",\"position\":1,\"name\":\"Home\",\"item\":\"https:\/\/cfdfeaservice.it\/\"},{\"@type\":\"ListItem\",\"position\":2,\"name\":\"Chi sono i vincitori del premio Architetto Italiano dell\u2019anno 2019 e Giovane Talento dell\u2019Architettura italiana 2019?\"}]},{\"@type\":\"WebSite\",\"@id\":\"https:\/\/cfdfeaservice.it\/#website\",\"url\":\"https:\/\/cfdfeaservice.it\/\",\"name\":\"CFD FEA\/FEM Service\",\"description\":\"Servizi di ingegneria 4.0\",\"publisher\":{\"@id\":\"https:\/\/cfdfeaservice.it\/#organization\"},\"potentialAction\":[{\"@type\":\"SearchAction\",\"target\":{\"@type\":\"EntryPoint\",\"urlTemplate\":\"https:\/\/cfdfeaservice.it\/?s={search_term_string}\"},\"query-input\":{\"@type\":\"PropertyValueSpecification\",\"valueRequired\":true,\"valueName\":\"search_term_string\"}}],\"inLanguage\":\"en-GB\"},{\"@type\":\"Organization\",\"@id\":\"https:\/\/cfdfeaservice.it\/#organization\",\"name\":\"CFD FEA SERVICE SRL\",\"url\":\"https:\/\/cfdfeaservice.it\/\",\"logo\":{\"@type\":\"ImageObject\",\"inLanguage\":\"en-GB\",\"@id\":\"https:\/\/cfdfeaservice.it\/#\/schema\/logo\/image\/\",\"url\":\"https:\/\/i2.wp.com\/cfdfeaservice.it\/wp-content\/uploads\/2018\/07\/CFD-FEA-SERVICE-Compact.png?fit=677%2C178&ssl=1\",\"contentUrl\":\"https:\/\/i2.wp.com\/cfdfeaservice.it\/wp-content\/uploads\/2018\/07\/CFD-FEA-SERVICE-Compact.png?fit=677%2C178&ssl=1\",\"width\":677,\"height\":178,\"caption\":\"CFD FEA SERVICE SRL\"},\"image\":{\"@id\":\"https:\/\/cfdfeaservice.it\/#\/schema\/logo\/image\/\"},\"sameAs\":[\"https:\/\/www.facebook.com\/cfdfeaservice\",\"https:\/\/www.linkedin.com\/company\/11421185\/\",\"https:\/\/www.youtube.com\/channel\/UCr2h1DbpsNDKJSBAgeWMbfA\"]},{\"@type\":\"Person\",\"@id\":\"https:\/\/cfdfeaservice.it\/#\/schema\/person\/c3b6ebdd7f80794fe6e6657f2f5335e7\",\"name\":\"CFD FEA SERVICE\",\"image\":{\"@type\":\"ImageObject\",\"inLanguage\":\"en-GB\",\"@id\":\"https:\/\/cfdfeaservice.it\/#\/schema\/person\/image\/\",\"url\":\"https:\/\/secure.gravatar.com\/avatar\/a34dbcf675cd4152f1184664b3adcb72?s=96&d=mm&r=g\",\"contentUrl\":\"https:\/\/secure.gravatar.com\/avatar\/a34dbcf675cd4152f1184664b3adcb72?s=96&d=mm&r=g\",\"caption\":\"CFD FEA SERVICE\"},\"url\":\"https:\/\/cfdfeaservice.it\/index.php\/author\/cfd-fea-service\/\"}]}<\/script>\n<!-- \/ Yoast SEO plugin. -->","yoast_head_json":{"title":"Chi sono i vincitori del premio Architetto Italiano dell\u2019anno 2019 e Giovane Talento dell\u2019Architettura italiana 2019? - CFD FEA\/FEM Service","robots":{"index":"index","follow":"follow","max-snippet":"max-snippet:-1","max-image-preview":"max-image-preview:large","max-video-preview":"max-video-preview:-1"},"canonical":"https:\/\/cfdfeaservice.it\/index.php\/2019\/11\/20\/chi-sono-i-vincitori-del-premio-architetto-italiano-dellanno-2019-e-giovane-talento-dellarchitettura-italiana-2019\/","og_locale":"en_GB","og_type":"article","og_title":"Chi sono i vincitori del premio Architetto Italiano dell\u2019anno 2019 e Giovane Talento dell\u2019Architettura italiana 2019? - CFD FEA\/FEM Service","og_description":"Lo studio Bergmeisterwolf architekten di Gerd Bergmeister e Michaela Wolf e BDR Bureau di Alberto Bottero e Simona Della Rocca sono i vincitori, rispettivamente, dei Premi \u201cArchitetto italiano 2019\u201d e \u201cGiovane Talento dell\u2019Architettura italiana 2019\u201d. Per il primo, ad essere premiato \u00e8 stato il progetto dell\u2019Hotel Belvedere, a San Genesio [&hellip;]","og_url":"https:\/\/cfdfeaservice.it\/index.php\/2019\/11\/20\/chi-sono-i-vincitori-del-premio-architetto-italiano-dellanno-2019-e-giovane-talento-dellarchitettura-italiana-2019\/","og_site_name":"CFD FEA\/FEM Service","article_publisher":"https:\/\/www.facebook.com\/cfdfeaservice","article_published_time":"2019-11-20T02:01:45+00:00","author":"CFD FEA SERVICE","twitter_card":"summary_large_image","twitter_misc":{"Written by":"CFD FEA SERVICE","Estimated reading time":"3 minutes"},"schema":{"@context":"https:\/\/schema.org","@graph":[{"@type":"Article","@id":"https:\/\/cfdfeaservice.it\/index.php\/2019\/11\/20\/chi-sono-i-vincitori-del-premio-architetto-italiano-dellanno-2019-e-giovane-talento-dellarchitettura-italiana-2019\/#article","isPartOf":{"@id":"https:\/\/cfdfeaservice.it\/index.php\/2019\/11\/20\/chi-sono-i-vincitori-del-premio-architetto-italiano-dellanno-2019-e-giovane-talento-dellarchitettura-italiana-2019\/"},"author":{"name":"CFD FEA SERVICE","@id":"https:\/\/cfdfeaservice.it\/#\/schema\/person\/c3b6ebdd7f80794fe6e6657f2f5335e7"},"headline":"Chi sono i vincitori del premio Architetto Italiano dell\u2019anno 2019 e Giovane Talento dell\u2019Architettura italiana 2019?","datePublished":"2019-11-20T02:01:45+00:00","mainEntityOfPage":{"@id":"https:\/\/cfdfeaservice.it\/index.php\/2019\/11\/20\/chi-sono-i-vincitori-del-premio-architetto-italiano-dellanno-2019-e-giovane-talento-dellarchitettura-italiana-2019\/"},"wordCount":596,"publisher":{"@id":"https:\/\/cfdfeaservice.it\/#organization"},"articleSection":["Normativa"],"inLanguage":"en-GB"},{"@type":"WebPage","@id":"https:\/\/cfdfeaservice.it\/index.php\/2019\/11\/20\/chi-sono-i-vincitori-del-premio-architetto-italiano-dellanno-2019-e-giovane-talento-dellarchitettura-italiana-2019\/","url":"https:\/\/cfdfeaservice.it\/index.php\/2019\/11\/20\/chi-sono-i-vincitori-del-premio-architetto-italiano-dellanno-2019-e-giovane-talento-dellarchitettura-italiana-2019\/","name":"Chi sono i vincitori del premio Architetto Italiano dell\u2019anno 2019 e Giovane Talento dell\u2019Architettura italiana 2019? - CFD FEA\/FEM Service","isPartOf":{"@id":"https:\/\/cfdfeaservice.it\/#website"},"datePublished":"2019-11-20T02:01:45+00:00","breadcrumb":{"@id":"https:\/\/cfdfeaservice.it\/index.php\/2019\/11\/20\/chi-sono-i-vincitori-del-premio-architetto-italiano-dellanno-2019-e-giovane-talento-dellarchitettura-italiana-2019\/#breadcrumb"},"inLanguage":"en-GB","potentialAction":[{"@type":"ReadAction","target":["https:\/\/cfdfeaservice.it\/index.php\/2019\/11\/20\/chi-sono-i-vincitori-del-premio-architetto-italiano-dellanno-2019-e-giovane-talento-dellarchitettura-italiana-2019\/"]}]},{"@type":"BreadcrumbList","@id":"https:\/\/cfdfeaservice.it\/index.php\/2019\/11\/20\/chi-sono-i-vincitori-del-premio-architetto-italiano-dellanno-2019-e-giovane-talento-dellarchitettura-italiana-2019\/#breadcrumb","itemListElement":[{"@type":"ListItem","position":1,"name":"Home","item":"https:\/\/cfdfeaservice.it\/"},{"@type":"ListItem","position":2,"name":"Chi sono i vincitori del premio Architetto Italiano dell\u2019anno 2019 e Giovane Talento dell\u2019Architettura italiana 2019?"}]},{"@type":"WebSite","@id":"https:\/\/cfdfeaservice.it\/#website","url":"https:\/\/cfdfeaservice.it\/","name":"CFD FEA\/FEM Service","description":"Servizi di ingegneria 4.0","publisher":{"@id":"https:\/\/cfdfeaservice.it\/#organization"},"potentialAction":[{"@type":"SearchAction","target":{"@type":"EntryPoint","urlTemplate":"https:\/\/cfdfeaservice.it\/?s={search_term_string}"},"query-input":{"@type":"PropertyValueSpecification","valueRequired":true,"valueName":"search_term_string"}}],"inLanguage":"en-GB"},{"@type":"Organization","@id":"https:\/\/cfdfeaservice.it\/#organization","name":"CFD FEA SERVICE SRL","url":"https:\/\/cfdfeaservice.it\/","logo":{"@type":"ImageObject","inLanguage":"en-GB","@id":"https:\/\/cfdfeaservice.it\/#\/schema\/logo\/image\/","url":"https:\/\/i2.wp.com\/cfdfeaservice.it\/wp-content\/uploads\/2018\/07\/CFD-FEA-SERVICE-Compact.png?fit=677%2C178&ssl=1","contentUrl":"https:\/\/i2.wp.com\/cfdfeaservice.it\/wp-content\/uploads\/2018\/07\/CFD-FEA-SERVICE-Compact.png?fit=677%2C178&ssl=1","width":677,"height":178,"caption":"CFD FEA SERVICE SRL"},"image":{"@id":"https:\/\/cfdfeaservice.it\/#\/schema\/logo\/image\/"},"sameAs":["https:\/\/www.facebook.com\/cfdfeaservice","https:\/\/www.linkedin.com\/company\/11421185\/","https:\/\/www.youtube.com\/channel\/UCr2h1DbpsNDKJSBAgeWMbfA"]},{"@type":"Person","@id":"https:\/\/cfdfeaservice.it\/#\/schema\/person\/c3b6ebdd7f80794fe6e6657f2f5335e7","name":"CFD FEA SERVICE","image":{"@type":"ImageObject","inLanguage":"en-GB","@id":"https:\/\/cfdfeaservice.it\/#\/schema\/person\/image\/","url":"https:\/\/secure.gravatar.com\/avatar\/a34dbcf675cd4152f1184664b3adcb72?s=96&d=mm&r=g","contentUrl":"https:\/\/secure.gravatar.com\/avatar\/a34dbcf675cd4152f1184664b3adcb72?s=96&d=mm&r=g","caption":"CFD FEA SERVICE"},"url":"https:\/\/cfdfeaservice.it\/index.php\/author\/cfd-fea-service\/"}]}},"jetpack_featured_media_url":"","jetpack_shortlink":"https:\/\/wp.me\/p9JrPq-462","jetpack_sharing_enabled":true,"_links":{"self":[{"href":"https:\/\/cfdfeaservice.it\/index.php\/wp-json\/wp\/v2\/posts\/15750","targetHints":{"allow":["GET"]}}],"collection":[{"href":"https:\/\/cfdfeaservice.it\/index.php\/wp-json\/wp\/v2\/posts"}],"about":[{"href":"https:\/\/cfdfeaservice.it\/index.php\/wp-json\/wp\/v2\/types\/post"}],"author":[{"embeddable":true,"href":"https:\/\/cfdfeaservice.it\/index.php\/wp-json\/wp\/v2\/users\/8"}],"replies":[{"embeddable":true,"href":"https:\/\/cfdfeaservice.it\/index.php\/wp-json\/wp\/v2\/comments?post=15750"}],"version-history":[{"count":0,"href":"https:\/\/cfdfeaservice.it\/index.php\/wp-json\/wp\/v2\/posts\/15750\/revisions"}],"wp:attachment":[{"href":"https:\/\/cfdfeaservice.it\/index.php\/wp-json\/wp\/v2\/media?parent=15750"}],"wp:term":[{"taxonomy":"category","embeddable":true,"href":"https:\/\/cfdfeaservice.it\/index.php\/wp-json\/wp\/v2\/categories?post=15750"},{"taxonomy":"post_tag","embeddable":true,"href":"https:\/\/cfdfeaservice.it\/index.php\/wp-json\/wp\/v2\/tags?post=15750"}],"curies":[{"name":"wp","href":"https:\/\/api.w.org\/{rel}","templated":true}]}}