{"id":1886,"date":"2018-09-15T03:01:10","date_gmt":"2018-09-15T01:01:10","guid":{"rendered":"https:\/\/cfdfeaservice.it\/index.php\/2018\/09\/15\/incremento-iva-no-allaumento-nemmeno-in-forma-selettiva\/"},"modified":"2018-09-15T03:01:10","modified_gmt":"2018-09-15T01:01:10","slug":"incremento-iva-no-allaumento-nemmeno-in-forma-selettiva","status":"publish","type":"post","link":"https:\/\/cfdfeaservice.it\/index.php\/2018\/09\/15\/incremento-iva-no-allaumento-nemmeno-in-forma-selettiva\/","title":{"rendered":"Incremento Iva: No all\u2019aumento, nemmeno in forma selettiva"},"content":{"rendered":"<div>\n<p>Gli artigiani mestrini ricordano che, nell\u2019ipotesi peggiore, se non verranno recuperati entro la fine di quest\u2019anno 12,4 miliardi di euro, l\u2019aliquota ordinaria passer\u00e0 dal 22 al 24,2 per cento, mentre quella ridotta dal 10 salir\u00e0 all\u201911,5 per cento. Afferma il coordinatore dell\u2019Ufficio studi della CGIA, Paolo Zabeo: \u201cBisogna assolutamente evitare l\u2019aumento dell\u2019Iva. Anche in forma selettiva. In primo luogo perch\u00e9 il contratto di governo stipulato tra la Lega e il Movimento 5 Stelle non lo prevede. In secondo luogo perch\u00e9 l\u2019eventuale incremento colpirebbe, in particolar modo, le famiglie meno abbienti e quelle pi\u00f9 numerose, ma anche perch\u00e9 il ritocco all\u2019ins\u00f9 delle aliquote avrebbe un effetto recessivo per la nostra economia. Ricordo, infatti, che il 60 per cento del Pil nazionale \u00e8 riconducibile ai consumi delle famiglie.<\/p>\n<h3>Se l\u2019Iva dovesse salire ai livelli record previsti, a farne le spese sarebbero anche le botteghe artigiane e i piccoli commercianti, visto che la stragrande maggioranza dei rispettivi fatturati \u00e8 riconducibile alla domanda interna\u201d.<\/h3>\n<blockquote>\n<p>Non solo. Se non verr\u00e0 disinnescato l\u2019aumento, dal 2019 l\u2019Italia sar\u00e0 il Paese con l\u2019aliquota Iva ordinaria pi\u00f9 elevata dell\u2019area dell\u2019Euro. Dall\u2019attuale 22 per cento, infatti, si passer\u00e0 al 24,2 per cento. Questo balzo ci consentirebbe di scavalcare tutti e di posizionarci in testa alla classifica dei pi\u00f9 tartassati dalle imposte indirette. \u201cSe \u00e8 vero che in questi 45 anni \u2013 dichiara il Segretario della CGIA Renato Mason \u2013 abbiamo subito l\u2019incremento d\u2019aliquota pi\u00f9 significativo, \u00e8 altres\u00ec vero che nel 1973 quella applicata in Italia era, ad esclusione della Germania, la pi\u00f9 contenuta. Tuttavia, se l\u2019aumento previsto non sar\u00e0 evitato, dal 2019 i consumatori italiani saranno sottoposti all\u2019aliquota Iva ordinaria pi\u00f9 elevata tra tutti i Paesi dell\u2019area dell\u2019euro, con un serio rischio che l\u2019economia sommersa assuma dimensioni ancor pi\u00f9 preoccupanti\u201d.<\/p>\n<\/blockquote>\n<h3>Dalla sua apparizione ad oggi, infatti, sono trascorsi 45 anni. L\u2019aliquota ordinaria dell\u2019Iva \u00e8 stata introdotta per la prima volta nel 1973 e fino a quest\u2019anno \u00e8 aumentata 9 volte. Tra i principali Paesi della zona euro siamo quello in cui \u00e8 cresciuta di pi\u00f9: ben 10 punti, un record, ovviamente, che nessuno ci invidia.<\/h3>\n<p>Se nel 1973 l\u2019aliquota era al 12 per cento, ora si attesta al 22 per cento, con un aumento, come dicevamo pi\u00f9 sopra, di ben 10 punti. Seguono la Germania, con una variazione di +8 punti (era all\u201911 adesso si attesta al 19 per cento), l\u2019Olanda, con un aumento di 5 punti (era al 16 oggi \u00e8 al 21 per cento), l\u2019Austria e il Belgio, con degli aumenti registrati nel periodo preso in esame rispettivamente del +4% e del +3%. La Francia \u00e8 l\u2019unico Paese presente in questa comparazione che non ha registrato alcun incremento.<\/p>\n<p>L&#8217;articolo <a rel=\"nofollow\" href=\"https:\/\/www.unioneingegneri.com\/incremento-iva-no-allaumento-nemmeno-in-forma-selettiva\/\">Incremento Iva: No all\u2019aumento, nemmeno in forma selettiva<\/a> proviene da <a rel=\"nofollow\" href=\"https:\/\/www.unioneingegneri.com\/\">Unione Geometri<\/a>.<\/p>\n<\/div>\n<p><a href=\"https:\/\/www.unionearchitetti.com\/incremento-iva-no-allaumento-nemmeno-in-forma-selettiva\">Vai alla fonte.<\/a><\/p>\n<p>Autore: Redazione<\/p>\n<p class=\"wpematico_credit\"><small>Powered by <a href=\"http:\/\/www.wpematico.com\" target=\"_blank\">WPeMatico<\/a><\/small><\/p>\n<p><strong>_________________________________<\/strong><\/p>\n<p><strong>CFD FEA Service SRL<\/strong> &egrave; una societ&agrave; di servizi che offre <em>consulenza<\/em> e <em>formazione<\/em> in ambito <strong>ingegneria<\/strong> e <strong>IT<\/strong>. Se questo post\/prodotto ti &egrave; piaciuto ti invitiamo a:<\/p>\n<ul>\n<li>visionare il nostro <a href=\"https:\/\/cfdfeaservice.it\/index.php\/blog\/\" target=\"_blank\" rel=\"noopener\">blog<\/a><\/li>\n<li>visionare i <a href=\"https:\/\/cfdfeaservice.it\/index.php\/prodotti\/\" target=\"_blank\" rel=\"noopener\">software<\/a> disponibili - anche per la formazione<\/li>\n<li>iscriverti alla nostra newsletter<\/li>\n<li>entrare in contatto con noi attraverso la <a href=\"https:\/\/cfdfeaservice.it\/#ribbon\" target=\"_blank\" rel=\"noopener\">pagina contatti<\/a><\/li>\n<\/ul>\n<p>Saremo lieti di seguire le tue richieste e fornire risposte alle tue domande.<\/p>","protected":false},"excerpt":{"rendered":"<p>Gli artigiani mestrini ricordano che, nell\u2019ipotesi peggiore, se non verranno recuperati entro la fine di quest\u2019anno 12,4 miliardi di euro, l\u2019aliquota ordinaria passer\u00e0 dal 22 al 24,2 per cento, mentre quella ridotta dal 10 salir\u00e0 all\u201911,5 per cento. Afferma il coordinatore dell\u2019Ufficio studi della CGIA, Paolo Zabeo: \u201cBisogna assolutamente evitare [&hellip;]<\/p>\n","protected":false},"author":8,"featured_media":0,"comment_status":"closed","ping_status":"closed","sticky":false,"template":"","format":"standard","meta":{"jetpack_post_was_ever_published":false,"_jetpack_newsletter_access":"","_jetpack_dont_email_post_to_subs":false,"_jetpack_newsletter_tier_id":0,"_jetpack_memberships_contains_paywalled_content":false,"_jetpack_memberships_contains_paid_content":false,"footnotes":""},"categories":[57],"tags":[],"class_list":["post-1886","post","type-post","status-publish","format-standard","hentry","category-normativa"],"yoast_head":"<!-- This site is optimized with the Yoast SEO plugin v26.8 - https:\/\/yoast.com\/product\/yoast-seo-wordpress\/ -->\n<title>Incremento Iva: No all\u2019aumento, nemmeno in forma selettiva - CFD FEA\/FEM Service<\/title>\n<meta name=\"robots\" content=\"index, follow, max-snippet:-1, max-image-preview:large, max-video-preview:-1\" \/>\n<link rel=\"canonical\" href=\"https:\/\/cfdfeaservice.it\/index.php\/2018\/09\/15\/incremento-iva-no-allaumento-nemmeno-in-forma-selettiva\/\" \/>\n<meta property=\"og:locale\" content=\"en_GB\" \/>\n<meta property=\"og:type\" content=\"article\" \/>\n<meta property=\"og:title\" content=\"Incremento Iva: No all\u2019aumento, nemmeno in forma selettiva - CFD FEA\/FEM Service\" \/>\n<meta property=\"og:description\" content=\"Gli artigiani mestrini ricordano che, nell\u2019ipotesi peggiore, se non verranno recuperati entro la fine di quest\u2019anno 12,4 miliardi di euro, l\u2019aliquota ordinaria passer\u00e0 dal 22 al 24,2 per cento, mentre quella ridotta dal 10 salir\u00e0 all\u201911,5 per cento. Afferma il coordinatore dell\u2019Ufficio studi della CGIA, Paolo Zabeo: \u201cBisogna assolutamente evitare [&hellip;]\" \/>\n<meta property=\"og:url\" content=\"https:\/\/cfdfeaservice.it\/index.php\/2018\/09\/15\/incremento-iva-no-allaumento-nemmeno-in-forma-selettiva\/\" \/>\n<meta property=\"og:site_name\" content=\"CFD FEA\/FEM Service\" \/>\n<meta property=\"article:publisher\" content=\"https:\/\/www.facebook.com\/cfdfeaservice\" \/>\n<meta property=\"article:published_time\" content=\"2018-09-15T01:01:10+00:00\" \/>\n<meta name=\"author\" content=\"CFD FEA SERVICE\" \/>\n<meta name=\"twitter:card\" content=\"summary_large_image\" \/>\n<meta name=\"twitter:label1\" content=\"Written by\" \/>\n\t<meta name=\"twitter:data1\" content=\"CFD FEA SERVICE\" \/>\n\t<meta name=\"twitter:label2\" content=\"Estimated reading time\" \/>\n\t<meta name=\"twitter:data2\" content=\"2 minutes\" \/>\n<script type=\"application\/ld+json\" class=\"yoast-schema-graph\">{\"@context\":\"https:\/\/schema.org\",\"@graph\":[{\"@type\":\"Article\",\"@id\":\"https:\/\/cfdfeaservice.it\/index.php\/2018\/09\/15\/incremento-iva-no-allaumento-nemmeno-in-forma-selettiva\/#article\",\"isPartOf\":{\"@id\":\"https:\/\/cfdfeaservice.it\/index.php\/2018\/09\/15\/incremento-iva-no-allaumento-nemmeno-in-forma-selettiva\/\"},\"author\":{\"name\":\"CFD FEA SERVICE\",\"@id\":\"https:\/\/cfdfeaservice.it\/#\/schema\/person\/c3b6ebdd7f80794fe6e6657f2f5335e7\"},\"headline\":\"Incremento Iva: No all\u2019aumento, nemmeno in forma selettiva\",\"datePublished\":\"2018-09-15T01:01:10+00:00\",\"mainEntityOfPage\":{\"@id\":\"https:\/\/cfdfeaservice.it\/index.php\/2018\/09\/15\/incremento-iva-no-allaumento-nemmeno-in-forma-selettiva\/\"},\"wordCount\":463,\"publisher\":{\"@id\":\"https:\/\/cfdfeaservice.it\/#organization\"},\"articleSection\":[\"Normativa\"],\"inLanguage\":\"en-GB\"},{\"@type\":\"WebPage\",\"@id\":\"https:\/\/cfdfeaservice.it\/index.php\/2018\/09\/15\/incremento-iva-no-allaumento-nemmeno-in-forma-selettiva\/\",\"url\":\"https:\/\/cfdfeaservice.it\/index.php\/2018\/09\/15\/incremento-iva-no-allaumento-nemmeno-in-forma-selettiva\/\",\"name\":\"Incremento Iva: No all\u2019aumento, nemmeno in forma selettiva - CFD FEA\/FEM Service\",\"isPartOf\":{\"@id\":\"https:\/\/cfdfeaservice.it\/#website\"},\"datePublished\":\"2018-09-15T01:01:10+00:00\",\"breadcrumb\":{\"@id\":\"https:\/\/cfdfeaservice.it\/index.php\/2018\/09\/15\/incremento-iva-no-allaumento-nemmeno-in-forma-selettiva\/#breadcrumb\"},\"inLanguage\":\"en-GB\",\"potentialAction\":[{\"@type\":\"ReadAction\",\"target\":[\"https:\/\/cfdfeaservice.it\/index.php\/2018\/09\/15\/incremento-iva-no-allaumento-nemmeno-in-forma-selettiva\/\"]}]},{\"@type\":\"BreadcrumbList\",\"@id\":\"https:\/\/cfdfeaservice.it\/index.php\/2018\/09\/15\/incremento-iva-no-allaumento-nemmeno-in-forma-selettiva\/#breadcrumb\",\"itemListElement\":[{\"@type\":\"ListItem\",\"position\":1,\"name\":\"Home\",\"item\":\"https:\/\/cfdfeaservice.it\/\"},{\"@type\":\"ListItem\",\"position\":2,\"name\":\"Incremento Iva: No all\u2019aumento, nemmeno in forma selettiva\"}]},{\"@type\":\"WebSite\",\"@id\":\"https:\/\/cfdfeaservice.it\/#website\",\"url\":\"https:\/\/cfdfeaservice.it\/\",\"name\":\"CFD FEA\/FEM Service\",\"description\":\"Servizi di ingegneria 4.0\",\"publisher\":{\"@id\":\"https:\/\/cfdfeaservice.it\/#organization\"},\"potentialAction\":[{\"@type\":\"SearchAction\",\"target\":{\"@type\":\"EntryPoint\",\"urlTemplate\":\"https:\/\/cfdfeaservice.it\/?s={search_term_string}\"},\"query-input\":{\"@type\":\"PropertyValueSpecification\",\"valueRequired\":true,\"valueName\":\"search_term_string\"}}],\"inLanguage\":\"en-GB\"},{\"@type\":\"Organization\",\"@id\":\"https:\/\/cfdfeaservice.it\/#organization\",\"name\":\"CFD FEA SERVICE SRL\",\"url\":\"https:\/\/cfdfeaservice.it\/\",\"logo\":{\"@type\":\"ImageObject\",\"inLanguage\":\"en-GB\",\"@id\":\"https:\/\/cfdfeaservice.it\/#\/schema\/logo\/image\/\",\"url\":\"https:\/\/i2.wp.com\/cfdfeaservice.it\/wp-content\/uploads\/2018\/07\/CFD-FEA-SERVICE-Compact.png?fit=677%2C178&ssl=1\",\"contentUrl\":\"https:\/\/i2.wp.com\/cfdfeaservice.it\/wp-content\/uploads\/2018\/07\/CFD-FEA-SERVICE-Compact.png?fit=677%2C178&ssl=1\",\"width\":677,\"height\":178,\"caption\":\"CFD FEA SERVICE SRL\"},\"image\":{\"@id\":\"https:\/\/cfdfeaservice.it\/#\/schema\/logo\/image\/\"},\"sameAs\":[\"https:\/\/www.facebook.com\/cfdfeaservice\",\"https:\/\/www.linkedin.com\/company\/11421185\/\",\"https:\/\/www.youtube.com\/channel\/UCr2h1DbpsNDKJSBAgeWMbfA\"]},{\"@type\":\"Person\",\"@id\":\"https:\/\/cfdfeaservice.it\/#\/schema\/person\/c3b6ebdd7f80794fe6e6657f2f5335e7\",\"name\":\"CFD FEA SERVICE\",\"image\":{\"@type\":\"ImageObject\",\"inLanguage\":\"en-GB\",\"@id\":\"https:\/\/cfdfeaservice.it\/#\/schema\/person\/image\/\",\"url\":\"https:\/\/secure.gravatar.com\/avatar\/a34dbcf675cd4152f1184664b3adcb72?s=96&d=mm&r=g\",\"contentUrl\":\"https:\/\/secure.gravatar.com\/avatar\/a34dbcf675cd4152f1184664b3adcb72?s=96&d=mm&r=g\",\"caption\":\"CFD FEA SERVICE\"},\"url\":\"https:\/\/cfdfeaservice.it\/index.php\/author\/cfd-fea-service\/\"}]}<\/script>\n<!-- \/ Yoast SEO plugin. -->","yoast_head_json":{"title":"Incremento Iva: No all\u2019aumento, nemmeno in forma selettiva - CFD FEA\/FEM Service","robots":{"index":"index","follow":"follow","max-snippet":"max-snippet:-1","max-image-preview":"max-image-preview:large","max-video-preview":"max-video-preview:-1"},"canonical":"https:\/\/cfdfeaservice.it\/index.php\/2018\/09\/15\/incremento-iva-no-allaumento-nemmeno-in-forma-selettiva\/","og_locale":"en_GB","og_type":"article","og_title":"Incremento Iva: No all\u2019aumento, nemmeno in forma selettiva - CFD FEA\/FEM Service","og_description":"Gli artigiani mestrini ricordano che, nell\u2019ipotesi peggiore, se non verranno recuperati entro la fine di quest\u2019anno 12,4 miliardi di euro, l\u2019aliquota ordinaria passer\u00e0 dal 22 al 24,2 per cento, mentre quella ridotta dal 10 salir\u00e0 all\u201911,5 per cento. Afferma il coordinatore dell\u2019Ufficio studi della CGIA, Paolo Zabeo: \u201cBisogna assolutamente evitare [&hellip;]","og_url":"https:\/\/cfdfeaservice.it\/index.php\/2018\/09\/15\/incremento-iva-no-allaumento-nemmeno-in-forma-selettiva\/","og_site_name":"CFD FEA\/FEM Service","article_publisher":"https:\/\/www.facebook.com\/cfdfeaservice","article_published_time":"2018-09-15T01:01:10+00:00","author":"CFD FEA SERVICE","twitter_card":"summary_large_image","twitter_misc":{"Written by":"CFD FEA SERVICE","Estimated reading time":"2 minutes"},"schema":{"@context":"https:\/\/schema.org","@graph":[{"@type":"Article","@id":"https:\/\/cfdfeaservice.it\/index.php\/2018\/09\/15\/incremento-iva-no-allaumento-nemmeno-in-forma-selettiva\/#article","isPartOf":{"@id":"https:\/\/cfdfeaservice.it\/index.php\/2018\/09\/15\/incremento-iva-no-allaumento-nemmeno-in-forma-selettiva\/"},"author":{"name":"CFD FEA SERVICE","@id":"https:\/\/cfdfeaservice.it\/#\/schema\/person\/c3b6ebdd7f80794fe6e6657f2f5335e7"},"headline":"Incremento Iva: No all\u2019aumento, nemmeno in forma selettiva","datePublished":"2018-09-15T01:01:10+00:00","mainEntityOfPage":{"@id":"https:\/\/cfdfeaservice.it\/index.php\/2018\/09\/15\/incremento-iva-no-allaumento-nemmeno-in-forma-selettiva\/"},"wordCount":463,"publisher":{"@id":"https:\/\/cfdfeaservice.it\/#organization"},"articleSection":["Normativa"],"inLanguage":"en-GB"},{"@type":"WebPage","@id":"https:\/\/cfdfeaservice.it\/index.php\/2018\/09\/15\/incremento-iva-no-allaumento-nemmeno-in-forma-selettiva\/","url":"https:\/\/cfdfeaservice.it\/index.php\/2018\/09\/15\/incremento-iva-no-allaumento-nemmeno-in-forma-selettiva\/","name":"Incremento Iva: No all\u2019aumento, nemmeno in forma selettiva - CFD FEA\/FEM Service","isPartOf":{"@id":"https:\/\/cfdfeaservice.it\/#website"},"datePublished":"2018-09-15T01:01:10+00:00","breadcrumb":{"@id":"https:\/\/cfdfeaservice.it\/index.php\/2018\/09\/15\/incremento-iva-no-allaumento-nemmeno-in-forma-selettiva\/#breadcrumb"},"inLanguage":"en-GB","potentialAction":[{"@type":"ReadAction","target":["https:\/\/cfdfeaservice.it\/index.php\/2018\/09\/15\/incremento-iva-no-allaumento-nemmeno-in-forma-selettiva\/"]}]},{"@type":"BreadcrumbList","@id":"https:\/\/cfdfeaservice.it\/index.php\/2018\/09\/15\/incremento-iva-no-allaumento-nemmeno-in-forma-selettiva\/#breadcrumb","itemListElement":[{"@type":"ListItem","position":1,"name":"Home","item":"https:\/\/cfdfeaservice.it\/"},{"@type":"ListItem","position":2,"name":"Incremento Iva: No all\u2019aumento, nemmeno in forma selettiva"}]},{"@type":"WebSite","@id":"https:\/\/cfdfeaservice.it\/#website","url":"https:\/\/cfdfeaservice.it\/","name":"CFD FEA\/FEM Service","description":"Servizi di ingegneria 4.0","publisher":{"@id":"https:\/\/cfdfeaservice.it\/#organization"},"potentialAction":[{"@type":"SearchAction","target":{"@type":"EntryPoint","urlTemplate":"https:\/\/cfdfeaservice.it\/?s={search_term_string}"},"query-input":{"@type":"PropertyValueSpecification","valueRequired":true,"valueName":"search_term_string"}}],"inLanguage":"en-GB"},{"@type":"Organization","@id":"https:\/\/cfdfeaservice.it\/#organization","name":"CFD FEA SERVICE SRL","url":"https:\/\/cfdfeaservice.it\/","logo":{"@type":"ImageObject","inLanguage":"en-GB","@id":"https:\/\/cfdfeaservice.it\/#\/schema\/logo\/image\/","url":"https:\/\/i2.wp.com\/cfdfeaservice.it\/wp-content\/uploads\/2018\/07\/CFD-FEA-SERVICE-Compact.png?fit=677%2C178&ssl=1","contentUrl":"https:\/\/i2.wp.com\/cfdfeaservice.it\/wp-content\/uploads\/2018\/07\/CFD-FEA-SERVICE-Compact.png?fit=677%2C178&ssl=1","width":677,"height":178,"caption":"CFD FEA SERVICE SRL"},"image":{"@id":"https:\/\/cfdfeaservice.it\/#\/schema\/logo\/image\/"},"sameAs":["https:\/\/www.facebook.com\/cfdfeaservice","https:\/\/www.linkedin.com\/company\/11421185\/","https:\/\/www.youtube.com\/channel\/UCr2h1DbpsNDKJSBAgeWMbfA"]},{"@type":"Person","@id":"https:\/\/cfdfeaservice.it\/#\/schema\/person\/c3b6ebdd7f80794fe6e6657f2f5335e7","name":"CFD FEA SERVICE","image":{"@type":"ImageObject","inLanguage":"en-GB","@id":"https:\/\/cfdfeaservice.it\/#\/schema\/person\/image\/","url":"https:\/\/secure.gravatar.com\/avatar\/a34dbcf675cd4152f1184664b3adcb72?s=96&d=mm&r=g","contentUrl":"https:\/\/secure.gravatar.com\/avatar\/a34dbcf675cd4152f1184664b3adcb72?s=96&d=mm&r=g","caption":"CFD FEA SERVICE"},"url":"https:\/\/cfdfeaservice.it\/index.php\/author\/cfd-fea-service\/"}]}},"jetpack_featured_media_url":"","jetpack_shortlink":"https:\/\/wp.me\/p9JrPq-uq","jetpack_sharing_enabled":true,"_links":{"self":[{"href":"https:\/\/cfdfeaservice.it\/index.php\/wp-json\/wp\/v2\/posts\/1886","targetHints":{"allow":["GET"]}}],"collection":[{"href":"https:\/\/cfdfeaservice.it\/index.php\/wp-json\/wp\/v2\/posts"}],"about":[{"href":"https:\/\/cfdfeaservice.it\/index.php\/wp-json\/wp\/v2\/types\/post"}],"author":[{"embeddable":true,"href":"https:\/\/cfdfeaservice.it\/index.php\/wp-json\/wp\/v2\/users\/8"}],"replies":[{"embeddable":true,"href":"https:\/\/cfdfeaservice.it\/index.php\/wp-json\/wp\/v2\/comments?post=1886"}],"version-history":[{"count":0,"href":"https:\/\/cfdfeaservice.it\/index.php\/wp-json\/wp\/v2\/posts\/1886\/revisions"}],"wp:attachment":[{"href":"https:\/\/cfdfeaservice.it\/index.php\/wp-json\/wp\/v2\/media?parent=1886"}],"wp:term":[{"taxonomy":"category","embeddable":true,"href":"https:\/\/cfdfeaservice.it\/index.php\/wp-json\/wp\/v2\/categories?post=1886"},{"taxonomy":"post_tag","embeddable":true,"href":"https:\/\/cfdfeaservice.it\/index.php\/wp-json\/wp\/v2\/tags?post=1886"}],"curies":[{"name":"wp","href":"https:\/\/api.w.org\/{rel}","templated":true}]}}