{"id":2140,"date":"2018-11-23T03:01:28","date_gmt":"2018-11-23T02:01:28","guid":{"rendered":"https:\/\/cfdfeaservice.it\/index.php\/2018\/11\/23\/auto-enea-presenta-flash-charge-ricarica-superveloce-per-mobilita-elettrica\/"},"modified":"2018-11-23T03:01:28","modified_gmt":"2018-11-23T02:01:28","slug":"auto-enea-presenta-flash-charge-ricarica-superveloce-per-mobilita-elettrica","status":"publish","type":"post","link":"https:\/\/cfdfeaservice.it\/index.php\/2018\/11\/23\/auto-enea-presenta-flash-charge-ricarica-superveloce-per-mobilita-elettrica\/","title":{"rendered":"Auto: ENEA presenta \u2018Flash Charge\u2019, ricarica superveloce per mobilit\u00e0 elettrica"},"content":{"rendered":"<div>\n<p>Rimini \u2013 \u2018Fare il pieno\u2019 ai mezzi elettrici del trasporto pubblico in pochi secondi, utilizzando il tempo della fermata dei viaggiatori, grazie a un innovativo sistema di ricarica superveloce. Si chiama \u2018Flash Charge\u2019 e viene presentata da domani a Key Energy presso lo stand dell\u2019ENEA (Padiglione B6 stand 55). \u2018Flash Charge\u2019 si basa sull\u2019utilizzo congiunto a bordo dei bus e alle fermate, di supercapacitori, dispositivi dalle eccezionali caratteristiche elettriche, in grado di fornire elevate potenze in brevi periodi. \u201cPer ricaricare un autobus in 10, massimo 20 secondi basta la sola presenza di una adeguata infrastruttura di ricarica lungo la linea di servizio. Ci\u00f2 consente di proiettare il trasporto pubblico elettrificato verso un\u2019autonomia illimitata \u2013 spiega l\u2019ing. Antonino Genovese, responsabile del Laboratorio sistemi e tecnologie per la mobilit\u00e0 sostenibile e l\u2019accumulo dell\u2019Agenzia \u2013 Un altro vantaggio di questa tecnologia \u00e8 il minore impatto sulla rete di distribuzione elettrica. Per rendere il sistema pi\u00f9 versatile, stiamo lavorando ad ulteriori soluzioni con batterie di piccola capacit\u00e0\u201d.<\/p>\n<p>ENEA \u00e8 inoltre impegnata su progetti e studi inerenti tecnologie per la <a href=\"https:\/\/www.unionegeometri.com\/mobilita-elettrica-e-smart-city-la-via-4-0-indicata-dal-polimi\/\">motorizzazione elettrica ed ibrida<\/a>, sistemi di accumulo, soluzioni per la sicurezza e software a sostegno delle policy di trasporto sostenibile e di prevenzione dell\u2019inquinamento, tra cui HOWMOVE per ottimizzare costi e impatti degli spostamenti casa-lavoro, ECOTRIP\u00a9 per la stima dei consumi e delle emissioni dei veicoli, CITYLOG\u00a9 per ottimizzare la consegna merci e STREET\u00a9 per la diagnostica del traffico.<\/p>\n<blockquote>\n<p>A ECOMONDO vengono presentati per la prima volta anche i risultati del progetto +Gas per la produzione di biometano da\u00a0 onti rinnovabili attraverso la trasformazione in idrogeno e l\u2019utilizzo di batteri selezionati (padiglione D4 stand 39). \u201cSi tratta di un processo \u2018Power to Gas\u2019 che permette di trasformare l\u2019energia elettrica prodotta in eccesso da fonti rinnovabili non programmabili (fotovoltaico, eolico) in idrogeno e successivamente in combustibile per autotrazione (biometano) o da immettere nella rete di distribuzione del gas naturale. Il combustibile viene prodotto insufflando idrogeno e anidride carbonica in appositi digestori dove, mediante utilizzo di batteri selezionati ad hoc, avviene la trasformazione in biometano\u201d sottolinea Giuseppe Nigliaccio coordinatore del progetto +GAS. Per le sue caratteristiche innovative +GAS \u00e8 stato selezionato tra i vincitori del Bando per progetti di ricerca industriale strategica rivolti all\u2019innovazione in ambito energetico della Regione Emilia-Romagna (www.piugas.enea.it).<\/p>\n<\/blockquote>\n<p>Altro pilastro della presenza ENEA a ECOMONDO \u00e8 l\u2019economia circolare, uno dei settori di punta del Dipartimento Sostenibilit\u00e0 dei sistemi produttivi e territoriali. A Rimini l\u2019Agenzia presenter\u00e0 la prima piattaforma nazionale di simbiosi industriale per promuovere la condivisione di residui\/risorse attraverso la creazione di network di imprese che operano in settori differenti, ma anche progetti, soluzioni tecnologiche e approcci integrati per la transizione verso l\u2019economia circolare attraverso modelli di business basati sull\u2019uso efficiente delle risorse sul territorio e nelle imprese (Padiglione D3 stand 5) estesi alla tecnosfera e alla biosfera.<\/p>\n<blockquote>\n<p>\u201cDi rilievo anche le attivit\u00e0 ENEA di formazione agli operatori nel settore dell\u2019economia circolare, come ad esempio il Piano Formativo ECO-GEA: le competenze per un\u2019impresa sostenibile in Regione Emilia-Romagna e Regione Puglia (in collaborazione con IFOA) e il progetto RefresCO per l\u2019ideazione e la realizzazione di corsi di formazione specificamente dedicati all\u2019economia circolare per imprese, amministrazioni e professionisti, sulla base di una needs&#038;targets analysis\u201d spiega Grazia Barberio esperta ENEA per l\u2019economia circolare.<\/p>\n<\/blockquote>\n<h3>Da quest\u2019anno ENEA guida la Piattaforma italiana per l\u2019economia circolare (ICESP \u2013 Italian Circular Economy Stakeholder Platform), hub di riferimento nazionale su iniziative, esperienze, best practices e prospettive ed \u00e8 l\u2019unico membro italiano nel gruppo di coordinamento della piattaforma europea ECESP (European Circular Economy Stakeholder Platform).<\/h3>\n<p>Sull\u2019economia circolare a ECOMONDO l\u2019ENEA organizzer\u00e0 anche i seguenti eventi: Buone pratiche per l\u2019economia circolare (7 novembre); Come attuare la strategia europea sulla plastica in un\u2019economia circolare (7 novembre); Gli effetti della simbiosi industriale sui sistemi produttivi e territoriali (8 novembre); Innovazione ambientale ed economia circolare: le competenze per un\u2019impresa sostenibile (9 novembre), Plastica monouso e rifiuti marini nel Mar Mediterraneo: problemi e soluzioni (9 novembre).<\/p>\n<p>Ai temi dell\u2019efficienza energetica \u00e8 dedicato, nell\u2019ambito di Key Energy, un ciclo di seminari su Efficienza energetica: la chiave per un futuro sostenibile (6 novembre), L\u2019efficienza energetica negli edifici: soluzioni e strumenti innovativi (7 novembre), L\u2019efficienza energetica nel settore industriale: opportunit\u00e0 tecnologiche e di sistema (8 novembre).<\/p>\n<p>L&#8217;articolo <a rel=\"nofollow\" href=\"https:\/\/www.unioneingegneri.com\/ecomondo-rimini-biomentano-da-fonti-rinnovabili\/\">Auto: ENEA presenta \u2018Flash Charge\u2019, ricarica superveloce per mobilit\u00e0 elettrica<\/a> proviene da <a rel=\"nofollow\" href=\"https:\/\/www.unioneingegneri.com\/\">Unione Geometri<\/a>.<\/p>\n<\/div>\n<p><a href=\"https:\/\/www.unionegeometri.com\/ecomondo-rimini-biomentano-da-fonti-rinnovabili\">Vai alla fonte.<\/a><\/p>\n<p>Autore: Mauro Melis<\/p>\n<p class=\"wpematico_credit\"><small>Powered by <a href=\"http:\/\/www.wpematico.com\" target=\"_blank\">WPeMatico<\/a><\/small><\/p>\n<p><strong>_________________________________<\/strong><\/p>\n<p><strong>CFD FEA Service SRL<\/strong> &egrave; una societ&agrave; di servizi che offre <em>consulenza<\/em> e <em>formazione<\/em> in ambito <strong>ingegneria<\/strong> e <strong>IT<\/strong>. Se questo post\/prodotto ti &egrave; piaciuto ti invitiamo a:<\/p>\n<ul>\n<li>visionare il nostro <a href=\"https:\/\/cfdfeaservice.it\/index.php\/blog\/\" target=\"_blank\" rel=\"noopener\">blog<\/a><\/li>\n<li>visionare i <a href=\"https:\/\/cfdfeaservice.it\/index.php\/prodotti\/\" target=\"_blank\" rel=\"noopener\">software<\/a> disponibili - anche per la formazione<\/li>\n<li>iscriverti alla nostra newsletter<\/li>\n<li>entrare in contatto con noi attraverso la <a href=\"https:\/\/cfdfeaservice.it\/#ribbon\" target=\"_blank\" rel=\"noopener\">pagina contatti<\/a><\/li>\n<\/ul>\n<p>Saremo lieti di seguire le tue richieste e fornire risposte alle tue domande.<\/p>","protected":false},"excerpt":{"rendered":"<p>Rimini \u2013 \u2018Fare il pieno\u2019 ai mezzi elettrici del trasporto pubblico in pochi secondi, utilizzando il tempo della fermata dei viaggiatori, grazie a un innovativo sistema di ricarica superveloce. Si chiama \u2018Flash Charge\u2019 e viene presentata da domani a Key Energy presso lo stand dell\u2019ENEA (Padiglione B6 stand 55). \u2018Flash [&hellip;]<\/p>\n","protected":false},"author":8,"featured_media":0,"comment_status":"closed","ping_status":"closed","sticky":false,"template":"","format":"standard","meta":{"jetpack_post_was_ever_published":false,"_jetpack_newsletter_access":"","_jetpack_dont_email_post_to_subs":false,"_jetpack_newsletter_tier_id":0,"_jetpack_memberships_contains_paywalled_content":false,"_jetpack_memberships_contains_paid_content":false,"footnotes":""},"categories":[57],"tags":[],"class_list":["post-2140","post","type-post","status-publish","format-standard","hentry","category-normativa"],"yoast_head":"<!-- This site is optimized with the Yoast SEO plugin v26.8 - https:\/\/yoast.com\/product\/yoast-seo-wordpress\/ -->\n<title>Auto: ENEA presenta \u2018Flash Charge\u2019, ricarica superveloce per mobilit\u00e0 elettrica - CFD FEA\/FEM Service<\/title>\n<meta name=\"robots\" content=\"index, follow, max-snippet:-1, max-image-preview:large, max-video-preview:-1\" \/>\n<link rel=\"canonical\" href=\"https:\/\/cfdfeaservice.it\/index.php\/2018\/11\/23\/auto-enea-presenta-flash-charge-ricarica-superveloce-per-mobilita-elettrica\/\" \/>\n<meta property=\"og:locale\" content=\"en_GB\" \/>\n<meta property=\"og:type\" content=\"article\" \/>\n<meta property=\"og:title\" content=\"Auto: ENEA presenta \u2018Flash Charge\u2019, ricarica superveloce per mobilit\u00e0 elettrica - CFD FEA\/FEM Service\" \/>\n<meta property=\"og:description\" content=\"Rimini \u2013 \u2018Fare il pieno\u2019 ai mezzi elettrici del trasporto pubblico in pochi secondi, utilizzando il tempo della fermata dei viaggiatori, grazie a un innovativo sistema di ricarica superveloce. Si chiama \u2018Flash Charge\u2019 e viene presentata da domani a Key Energy presso lo stand dell\u2019ENEA (Padiglione B6 stand 55). \u2018Flash [&hellip;]\" \/>\n<meta property=\"og:url\" content=\"https:\/\/cfdfeaservice.it\/index.php\/2018\/11\/23\/auto-enea-presenta-flash-charge-ricarica-superveloce-per-mobilita-elettrica\/\" \/>\n<meta property=\"og:site_name\" content=\"CFD FEA\/FEM Service\" \/>\n<meta property=\"article:publisher\" content=\"https:\/\/www.facebook.com\/cfdfeaservice\" \/>\n<meta property=\"article:published_time\" content=\"2018-11-23T02:01:28+00:00\" \/>\n<meta name=\"author\" content=\"CFD FEA SERVICE\" \/>\n<meta name=\"twitter:card\" content=\"summary_large_image\" \/>\n<meta name=\"twitter:label1\" content=\"Written by\" \/>\n\t<meta name=\"twitter:data1\" content=\"CFD FEA SERVICE\" \/>\n\t<meta name=\"twitter:label2\" content=\"Estimated reading time\" \/>\n\t<meta name=\"twitter:data2\" content=\"4 minutes\" \/>\n<script type=\"application\/ld+json\" class=\"yoast-schema-graph\">{\"@context\":\"https:\/\/schema.org\",\"@graph\":[{\"@type\":\"Article\",\"@id\":\"https:\/\/cfdfeaservice.it\/index.php\/2018\/11\/23\/auto-enea-presenta-flash-charge-ricarica-superveloce-per-mobilita-elettrica\/#article\",\"isPartOf\":{\"@id\":\"https:\/\/cfdfeaservice.it\/index.php\/2018\/11\/23\/auto-enea-presenta-flash-charge-ricarica-superveloce-per-mobilita-elettrica\/\"},\"author\":{\"name\":\"CFD FEA SERVICE\",\"@id\":\"https:\/\/cfdfeaservice.it\/#\/schema\/person\/c3b6ebdd7f80794fe6e6657f2f5335e7\"},\"headline\":\"Auto: ENEA presenta \u2018Flash Charge\u2019, ricarica superveloce per mobilit\u00e0 elettrica\",\"datePublished\":\"2018-11-23T02:01:28+00:00\",\"mainEntityOfPage\":{\"@id\":\"https:\/\/cfdfeaservice.it\/index.php\/2018\/11\/23\/auto-enea-presenta-flash-charge-ricarica-superveloce-per-mobilita-elettrica\/\"},\"wordCount\":743,\"publisher\":{\"@id\":\"https:\/\/cfdfeaservice.it\/#organization\"},\"articleSection\":[\"Normativa\"],\"inLanguage\":\"en-GB\"},{\"@type\":\"WebPage\",\"@id\":\"https:\/\/cfdfeaservice.it\/index.php\/2018\/11\/23\/auto-enea-presenta-flash-charge-ricarica-superveloce-per-mobilita-elettrica\/\",\"url\":\"https:\/\/cfdfeaservice.it\/index.php\/2018\/11\/23\/auto-enea-presenta-flash-charge-ricarica-superveloce-per-mobilita-elettrica\/\",\"name\":\"Auto: ENEA presenta \u2018Flash Charge\u2019, ricarica superveloce per mobilit\u00e0 elettrica - CFD FEA\/FEM Service\",\"isPartOf\":{\"@id\":\"https:\/\/cfdfeaservice.it\/#website\"},\"datePublished\":\"2018-11-23T02:01:28+00:00\",\"breadcrumb\":{\"@id\":\"https:\/\/cfdfeaservice.it\/index.php\/2018\/11\/23\/auto-enea-presenta-flash-charge-ricarica-superveloce-per-mobilita-elettrica\/#breadcrumb\"},\"inLanguage\":\"en-GB\",\"potentialAction\":[{\"@type\":\"ReadAction\",\"target\":[\"https:\/\/cfdfeaservice.it\/index.php\/2018\/11\/23\/auto-enea-presenta-flash-charge-ricarica-superveloce-per-mobilita-elettrica\/\"]}]},{\"@type\":\"BreadcrumbList\",\"@id\":\"https:\/\/cfdfeaservice.it\/index.php\/2018\/11\/23\/auto-enea-presenta-flash-charge-ricarica-superveloce-per-mobilita-elettrica\/#breadcrumb\",\"itemListElement\":[{\"@type\":\"ListItem\",\"position\":1,\"name\":\"Home\",\"item\":\"https:\/\/cfdfeaservice.it\/\"},{\"@type\":\"ListItem\",\"position\":2,\"name\":\"Auto: ENEA presenta \u2018Flash Charge\u2019, ricarica superveloce per mobilit\u00e0 elettrica\"}]},{\"@type\":\"WebSite\",\"@id\":\"https:\/\/cfdfeaservice.it\/#website\",\"url\":\"https:\/\/cfdfeaservice.it\/\",\"name\":\"CFD FEA\/FEM Service\",\"description\":\"Servizi di ingegneria 4.0\",\"publisher\":{\"@id\":\"https:\/\/cfdfeaservice.it\/#organization\"},\"potentialAction\":[{\"@type\":\"SearchAction\",\"target\":{\"@type\":\"EntryPoint\",\"urlTemplate\":\"https:\/\/cfdfeaservice.it\/?s={search_term_string}\"},\"query-input\":{\"@type\":\"PropertyValueSpecification\",\"valueRequired\":true,\"valueName\":\"search_term_string\"}}],\"inLanguage\":\"en-GB\"},{\"@type\":\"Organization\",\"@id\":\"https:\/\/cfdfeaservice.it\/#organization\",\"name\":\"CFD FEA SERVICE SRL\",\"url\":\"https:\/\/cfdfeaservice.it\/\",\"logo\":{\"@type\":\"ImageObject\",\"inLanguage\":\"en-GB\",\"@id\":\"https:\/\/cfdfeaservice.it\/#\/schema\/logo\/image\/\",\"url\":\"https:\/\/i2.wp.com\/cfdfeaservice.it\/wp-content\/uploads\/2018\/07\/CFD-FEA-SERVICE-Compact.png?fit=677%2C178&ssl=1\",\"contentUrl\":\"https:\/\/i2.wp.com\/cfdfeaservice.it\/wp-content\/uploads\/2018\/07\/CFD-FEA-SERVICE-Compact.png?fit=677%2C178&ssl=1\",\"width\":677,\"height\":178,\"caption\":\"CFD FEA SERVICE SRL\"},\"image\":{\"@id\":\"https:\/\/cfdfeaservice.it\/#\/schema\/logo\/image\/\"},\"sameAs\":[\"https:\/\/www.facebook.com\/cfdfeaservice\",\"https:\/\/www.linkedin.com\/company\/11421185\/\",\"https:\/\/www.youtube.com\/channel\/UCr2h1DbpsNDKJSBAgeWMbfA\"]},{\"@type\":\"Person\",\"@id\":\"https:\/\/cfdfeaservice.it\/#\/schema\/person\/c3b6ebdd7f80794fe6e6657f2f5335e7\",\"name\":\"CFD FEA SERVICE\",\"image\":{\"@type\":\"ImageObject\",\"inLanguage\":\"en-GB\",\"@id\":\"https:\/\/cfdfeaservice.it\/#\/schema\/person\/image\/\",\"url\":\"https:\/\/secure.gravatar.com\/avatar\/a34dbcf675cd4152f1184664b3adcb72?s=96&d=mm&r=g\",\"contentUrl\":\"https:\/\/secure.gravatar.com\/avatar\/a34dbcf675cd4152f1184664b3adcb72?s=96&d=mm&r=g\",\"caption\":\"CFD FEA SERVICE\"},\"url\":\"https:\/\/cfdfeaservice.it\/index.php\/author\/cfd-fea-service\/\"}]}<\/script>\n<!-- \/ Yoast SEO plugin. -->","yoast_head_json":{"title":"Auto: ENEA presenta \u2018Flash Charge\u2019, ricarica superveloce per mobilit\u00e0 elettrica - CFD FEA\/FEM Service","robots":{"index":"index","follow":"follow","max-snippet":"max-snippet:-1","max-image-preview":"max-image-preview:large","max-video-preview":"max-video-preview:-1"},"canonical":"https:\/\/cfdfeaservice.it\/index.php\/2018\/11\/23\/auto-enea-presenta-flash-charge-ricarica-superveloce-per-mobilita-elettrica\/","og_locale":"en_GB","og_type":"article","og_title":"Auto: ENEA presenta \u2018Flash Charge\u2019, ricarica superveloce per mobilit\u00e0 elettrica - CFD FEA\/FEM Service","og_description":"Rimini \u2013 \u2018Fare il pieno\u2019 ai mezzi elettrici del trasporto pubblico in pochi secondi, utilizzando il tempo della fermata dei viaggiatori, grazie a un innovativo sistema di ricarica superveloce. Si chiama \u2018Flash Charge\u2019 e viene presentata da domani a Key Energy presso lo stand dell\u2019ENEA (Padiglione B6 stand 55). \u2018Flash [&hellip;]","og_url":"https:\/\/cfdfeaservice.it\/index.php\/2018\/11\/23\/auto-enea-presenta-flash-charge-ricarica-superveloce-per-mobilita-elettrica\/","og_site_name":"CFD FEA\/FEM Service","article_publisher":"https:\/\/www.facebook.com\/cfdfeaservice","article_published_time":"2018-11-23T02:01:28+00:00","author":"CFD FEA SERVICE","twitter_card":"summary_large_image","twitter_misc":{"Written by":"CFD FEA SERVICE","Estimated reading time":"4 minutes"},"schema":{"@context":"https:\/\/schema.org","@graph":[{"@type":"Article","@id":"https:\/\/cfdfeaservice.it\/index.php\/2018\/11\/23\/auto-enea-presenta-flash-charge-ricarica-superveloce-per-mobilita-elettrica\/#article","isPartOf":{"@id":"https:\/\/cfdfeaservice.it\/index.php\/2018\/11\/23\/auto-enea-presenta-flash-charge-ricarica-superveloce-per-mobilita-elettrica\/"},"author":{"name":"CFD FEA SERVICE","@id":"https:\/\/cfdfeaservice.it\/#\/schema\/person\/c3b6ebdd7f80794fe6e6657f2f5335e7"},"headline":"Auto: ENEA presenta \u2018Flash Charge\u2019, ricarica superveloce per mobilit\u00e0 elettrica","datePublished":"2018-11-23T02:01:28+00:00","mainEntityOfPage":{"@id":"https:\/\/cfdfeaservice.it\/index.php\/2018\/11\/23\/auto-enea-presenta-flash-charge-ricarica-superveloce-per-mobilita-elettrica\/"},"wordCount":743,"publisher":{"@id":"https:\/\/cfdfeaservice.it\/#organization"},"articleSection":["Normativa"],"inLanguage":"en-GB"},{"@type":"WebPage","@id":"https:\/\/cfdfeaservice.it\/index.php\/2018\/11\/23\/auto-enea-presenta-flash-charge-ricarica-superveloce-per-mobilita-elettrica\/","url":"https:\/\/cfdfeaservice.it\/index.php\/2018\/11\/23\/auto-enea-presenta-flash-charge-ricarica-superveloce-per-mobilita-elettrica\/","name":"Auto: ENEA presenta \u2018Flash Charge\u2019, ricarica superveloce per mobilit\u00e0 elettrica - CFD FEA\/FEM Service","isPartOf":{"@id":"https:\/\/cfdfeaservice.it\/#website"},"datePublished":"2018-11-23T02:01:28+00:00","breadcrumb":{"@id":"https:\/\/cfdfeaservice.it\/index.php\/2018\/11\/23\/auto-enea-presenta-flash-charge-ricarica-superveloce-per-mobilita-elettrica\/#breadcrumb"},"inLanguage":"en-GB","potentialAction":[{"@type":"ReadAction","target":["https:\/\/cfdfeaservice.it\/index.php\/2018\/11\/23\/auto-enea-presenta-flash-charge-ricarica-superveloce-per-mobilita-elettrica\/"]}]},{"@type":"BreadcrumbList","@id":"https:\/\/cfdfeaservice.it\/index.php\/2018\/11\/23\/auto-enea-presenta-flash-charge-ricarica-superveloce-per-mobilita-elettrica\/#breadcrumb","itemListElement":[{"@type":"ListItem","position":1,"name":"Home","item":"https:\/\/cfdfeaservice.it\/"},{"@type":"ListItem","position":2,"name":"Auto: ENEA presenta \u2018Flash Charge\u2019, ricarica superveloce per mobilit\u00e0 elettrica"}]},{"@type":"WebSite","@id":"https:\/\/cfdfeaservice.it\/#website","url":"https:\/\/cfdfeaservice.it\/","name":"CFD FEA\/FEM Service","description":"Servizi di ingegneria 4.0","publisher":{"@id":"https:\/\/cfdfeaservice.it\/#organization"},"potentialAction":[{"@type":"SearchAction","target":{"@type":"EntryPoint","urlTemplate":"https:\/\/cfdfeaservice.it\/?s={search_term_string}"},"query-input":{"@type":"PropertyValueSpecification","valueRequired":true,"valueName":"search_term_string"}}],"inLanguage":"en-GB"},{"@type":"Organization","@id":"https:\/\/cfdfeaservice.it\/#organization","name":"CFD FEA SERVICE SRL","url":"https:\/\/cfdfeaservice.it\/","logo":{"@type":"ImageObject","inLanguage":"en-GB","@id":"https:\/\/cfdfeaservice.it\/#\/schema\/logo\/image\/","url":"https:\/\/i2.wp.com\/cfdfeaservice.it\/wp-content\/uploads\/2018\/07\/CFD-FEA-SERVICE-Compact.png?fit=677%2C178&ssl=1","contentUrl":"https:\/\/i2.wp.com\/cfdfeaservice.it\/wp-content\/uploads\/2018\/07\/CFD-FEA-SERVICE-Compact.png?fit=677%2C178&ssl=1","width":677,"height":178,"caption":"CFD FEA SERVICE SRL"},"image":{"@id":"https:\/\/cfdfeaservice.it\/#\/schema\/logo\/image\/"},"sameAs":["https:\/\/www.facebook.com\/cfdfeaservice","https:\/\/www.linkedin.com\/company\/11421185\/","https:\/\/www.youtube.com\/channel\/UCr2h1DbpsNDKJSBAgeWMbfA"]},{"@type":"Person","@id":"https:\/\/cfdfeaservice.it\/#\/schema\/person\/c3b6ebdd7f80794fe6e6657f2f5335e7","name":"CFD FEA SERVICE","image":{"@type":"ImageObject","inLanguage":"en-GB","@id":"https:\/\/cfdfeaservice.it\/#\/schema\/person\/image\/","url":"https:\/\/secure.gravatar.com\/avatar\/a34dbcf675cd4152f1184664b3adcb72?s=96&d=mm&r=g","contentUrl":"https:\/\/secure.gravatar.com\/avatar\/a34dbcf675cd4152f1184664b3adcb72?s=96&d=mm&r=g","caption":"CFD FEA SERVICE"},"url":"https:\/\/cfdfeaservice.it\/index.php\/author\/cfd-fea-service\/"}]}},"jetpack_featured_media_url":"","jetpack_shortlink":"https:\/\/wp.me\/p9JrPq-yw","jetpack_sharing_enabled":true,"_links":{"self":[{"href":"https:\/\/cfdfeaservice.it\/index.php\/wp-json\/wp\/v2\/posts\/2140","targetHints":{"allow":["GET"]}}],"collection":[{"href":"https:\/\/cfdfeaservice.it\/index.php\/wp-json\/wp\/v2\/posts"}],"about":[{"href":"https:\/\/cfdfeaservice.it\/index.php\/wp-json\/wp\/v2\/types\/post"}],"author":[{"embeddable":true,"href":"https:\/\/cfdfeaservice.it\/index.php\/wp-json\/wp\/v2\/users\/8"}],"replies":[{"embeddable":true,"href":"https:\/\/cfdfeaservice.it\/index.php\/wp-json\/wp\/v2\/comments?post=2140"}],"version-history":[{"count":0,"href":"https:\/\/cfdfeaservice.it\/index.php\/wp-json\/wp\/v2\/posts\/2140\/revisions"}],"wp:attachment":[{"href":"https:\/\/cfdfeaservice.it\/index.php\/wp-json\/wp\/v2\/media?parent=2140"}],"wp:term":[{"taxonomy":"category","embeddable":true,"href":"https:\/\/cfdfeaservice.it\/index.php\/wp-json\/wp\/v2\/categories?post=2140"},{"taxonomy":"post_tag","embeddable":true,"href":"https:\/\/cfdfeaservice.it\/index.php\/wp-json\/wp\/v2\/tags?post=2140"}],"curies":[{"name":"wp","href":"https:\/\/api.w.org\/{rel}","templated":true}]}}