{"id":2699,"date":"2019-04-08T03:01:42","date_gmt":"2019-04-08T01:01:42","guid":{"rendered":"https:\/\/cfdfeaservice.it\/index.php\/2019\/04\/08\/il-cni-al-festival-della-scienza-e-della-filosofia-il-cni-partecipa-alledizione-2019\/"},"modified":"2019-04-08T03:01:42","modified_gmt":"2019-04-08T01:01:42","slug":"il-cni-al-festival-della-scienza-e-della-filosofia-il-cni-partecipa-alledizione-2019","status":"publish","type":"post","link":"https:\/\/cfdfeaservice.it\/index.php\/2019\/04\/08\/il-cni-al-festival-della-scienza-e-della-filosofia-il-cni-partecipa-alledizione-2019\/","title":{"rendered":"Il Cni al Festival della scienza e della filosofia: il CNI partecipa all\u2019edizione 2019"},"content":{"rendered":"<div>\n<p>Dall\u201911 al 14 aprile prossimi si terr\u00e0 a Foligno la nona edizione della Festa di Scienza e Filosofia che quest\u2019anno raggiunger\u00e0 la cifra record di 135 relatori. L\u2019evento \u00e8 organizzato dal Laboratorio di Scienze Sperimentali, presieduto da Maurizio Renzini e diretto da Pierluigi Mingarelli, e dal Comune di Foligno, con la collaborazione della Regione Umbria.<\/p>\n<h3>\u201cEvocare il mondo. L\u2019esplorazione della realt\u00e0\u201d, questo il titolo che caratterizza questa nona edizione. Tra le tematiche che saranno affrontare, ci saranno le seguenti: \u201cIntelligenza artificiale\u201d, \u201cScienza e diritto\u201d, \u201cCervello e mente\u201d, \u201cLe nuove frontiere del genoma editing\u201d, \u201cIl nostro cuore\u201d, \u201cI cambiamenti climatici\u201d e \u201cLa conquista dello spazio\u201d, per un totale di circa 130 conferenze.<\/h3>\n<p>Tra i numerosi e prestigiosi relatori ci sar\u00e0 anche Gianni Massa, Vice Presidente Vicario CNI, che rappresenter\u00e0 il punto di vista del Consiglio Nazionale e, pi\u00f9 in generale, degli ingegneri italiani. Massa affronter\u00e0 il rapporto tra ingegneria e innovazione, parole senza senso se disgiunte dall\u2019uomo e dalla sovrapposizione tra cultura tecnica e cultura umanistica. Si parler\u00e0 di innovazione come un territorio di confine, nel quale esplorare con occhi nuovi l\u2019enorme universo interdisciplinare che si \u00e8 formato attorno ai concetti di rete, di connessione, di multidisciplinariet\u00e0, di relazioni strutturali, in ogni ambito dello scibile umano, mostrando l\u2019immagine di un universo fortemente interconnesso in cui le relazioni tra i singoli oggetti sono pi\u00f9 importanti degli oggetti stessi.<\/p>\n<p>L&#8217;articolo <a rel=\"nofollow\" href=\"https:\/\/www.unioneingegneri.com\/il-cni-al-festival-della-scienza-e-della-filosofia-il-cni-partecipa-alledizione-2019\/\">Il Cni al Festival della scienza e della filosofia: il CNI partecipa all\u2019edizione 2019<\/a> proviene da <a rel=\"nofollow\" href=\"https:\/\/www.unioneingegneri.com\/\">Unione Geometri<\/a>.<\/p>\n<\/div>\n<p><a href=\"https:\/\/www.unioneingegneri.com\/il-cni-al-festival-della-scienza-e-della-filosofia-il-cni-partecipa-alledizione-2019\/\">Vai alla fonte.<\/a><\/p>\n<p>Autore: Mauro Melis<\/p>\n<p class=\"wpematico_credit\"><small>Powered by <a href=\"http:\/\/www.wpematico.com\" target=\"_blank\" rel=\"noopener noreferrer\">WPeMatico<\/a><\/small><\/p>\n<p><strong>_________________________________<\/strong><\/p>\n<p><strong>CFD FEA Service SRL<\/strong> &egrave; una societ&agrave; di servizi che offre <em>consulenza<\/em> e <em>formazione<\/em> in ambito <strong>ingegneria<\/strong> e <strong>IT<\/strong>. Se questo post\/prodotto ti &egrave; piaciuto ti invitiamo a:<\/p>\n<ul>\n<li>visionare il nostro <a href=\"https:\/\/cfdfeaservice.it\/index.php\/blog\/\" target=\"_blank\" rel=\"noopener\">blog<\/a><\/li>\n<li>visionare i <a href=\"https:\/\/cfdfeaservice.it\/index.php\/prodotti\/\" target=\"_blank\" rel=\"noopener\">software<\/a> disponibili - anche per la formazione<\/li>\n<li>iscriverti alla nostra newsletter<\/li>\n<li>entrare in contatto con noi attraverso la <a href=\"https:\/\/cfdfeaservice.it\/#ribbon\" target=\"_blank\" rel=\"noopener\">pagina contatti<\/a><\/li>\n<\/ul>\n<p>Saremo lieti di seguire le tue richieste e fornire risposte alle tue domande.<\/p>","protected":false},"excerpt":{"rendered":"<p>Dall\u201911 al 14 aprile prossimi si terr\u00e0 a Foligno la nona edizione della Festa di Scienza e Filosofia che quest\u2019anno raggiunger\u00e0 la cifra record di 135 relatori. L\u2019evento \u00e8 organizzato dal Laboratorio di Scienze Sperimentali, presieduto da Maurizio Renzini e diretto da Pierluigi Mingarelli, e dal Comune di Foligno, con [&hellip;]<\/p>\n","protected":false},"author":8,"featured_media":0,"comment_status":"closed","ping_status":"closed","sticky":false,"template":"","format":"standard","meta":{"jetpack_post_was_ever_published":false,"_jetpack_newsletter_access":"","_jetpack_dont_email_post_to_subs":false,"_jetpack_newsletter_tier_id":0,"_jetpack_memberships_contains_paywalled_content":false,"_jetpack_memberships_contains_paid_content":false,"footnotes":""},"categories":[57],"tags":[],"class_list":["post-2699","post","type-post","status-publish","format-standard","hentry","category-normativa"],"yoast_head":"<!-- This site is optimized with the Yoast SEO plugin v26.8 - https:\/\/yoast.com\/product\/yoast-seo-wordpress\/ -->\n<title>Il Cni al Festival della scienza e della filosofia: il CNI partecipa all\u2019edizione 2019 - CFD FEA\/FEM Service<\/title>\n<meta name=\"robots\" content=\"index, follow, max-snippet:-1, max-image-preview:large, max-video-preview:-1\" \/>\n<link rel=\"canonical\" href=\"https:\/\/cfdfeaservice.it\/index.php\/2019\/04\/08\/il-cni-al-festival-della-scienza-e-della-filosofia-il-cni-partecipa-alledizione-2019\/\" \/>\n<meta property=\"og:locale\" content=\"en_GB\" \/>\n<meta property=\"og:type\" content=\"article\" \/>\n<meta property=\"og:title\" content=\"Il Cni al Festival della scienza e della filosofia: il CNI partecipa all\u2019edizione 2019 - CFD FEA\/FEM Service\" \/>\n<meta property=\"og:description\" content=\"Dall\u201911 al 14 aprile prossimi si terr\u00e0 a Foligno la nona edizione della Festa di Scienza e Filosofia che quest\u2019anno raggiunger\u00e0 la cifra record di 135 relatori. L\u2019evento \u00e8 organizzato dal Laboratorio di Scienze Sperimentali, presieduto da Maurizio Renzini e diretto da Pierluigi Mingarelli, e dal Comune di Foligno, con [&hellip;]\" \/>\n<meta property=\"og:url\" content=\"https:\/\/cfdfeaservice.it\/index.php\/2019\/04\/08\/il-cni-al-festival-della-scienza-e-della-filosofia-il-cni-partecipa-alledizione-2019\/\" \/>\n<meta property=\"og:site_name\" content=\"CFD FEA\/FEM Service\" \/>\n<meta property=\"article:publisher\" content=\"https:\/\/www.facebook.com\/cfdfeaservice\" \/>\n<meta property=\"article:published_time\" content=\"2019-04-08T01:01:42+00:00\" \/>\n<meta name=\"author\" content=\"CFD FEA SERVICE\" \/>\n<meta name=\"twitter:card\" content=\"summary_large_image\" \/>\n<meta name=\"twitter:label1\" content=\"Written by\" \/>\n\t<meta name=\"twitter:data1\" content=\"CFD FEA SERVICE\" \/>\n\t<meta name=\"twitter:label2\" content=\"Estimated reading time\" \/>\n\t<meta name=\"twitter:data2\" content=\"1 minute\" \/>\n<script type=\"application\/ld+json\" class=\"yoast-schema-graph\">{\"@context\":\"https:\/\/schema.org\",\"@graph\":[{\"@type\":\"Article\",\"@id\":\"https:\/\/cfdfeaservice.it\/index.php\/2019\/04\/08\/il-cni-al-festival-della-scienza-e-della-filosofia-il-cni-partecipa-alledizione-2019\/#article\",\"isPartOf\":{\"@id\":\"https:\/\/cfdfeaservice.it\/index.php\/2019\/04\/08\/il-cni-al-festival-della-scienza-e-della-filosofia-il-cni-partecipa-alledizione-2019\/\"},\"author\":{\"name\":\"CFD FEA SERVICE\",\"@id\":\"https:\/\/cfdfeaservice.it\/#\/schema\/person\/c3b6ebdd7f80794fe6e6657f2f5335e7\"},\"headline\":\"Il Cni al Festival della scienza e della filosofia: il CNI partecipa all\u2019edizione 2019\",\"datePublished\":\"2019-04-08T01:01:42+00:00\",\"mainEntityOfPage\":{\"@id\":\"https:\/\/cfdfeaservice.it\/index.php\/2019\/04\/08\/il-cni-al-festival-della-scienza-e-della-filosofia-il-cni-partecipa-alledizione-2019\/\"},\"wordCount\":270,\"publisher\":{\"@id\":\"https:\/\/cfdfeaservice.it\/#organization\"},\"articleSection\":[\"Normativa\"],\"inLanguage\":\"en-GB\"},{\"@type\":\"WebPage\",\"@id\":\"https:\/\/cfdfeaservice.it\/index.php\/2019\/04\/08\/il-cni-al-festival-della-scienza-e-della-filosofia-il-cni-partecipa-alledizione-2019\/\",\"url\":\"https:\/\/cfdfeaservice.it\/index.php\/2019\/04\/08\/il-cni-al-festival-della-scienza-e-della-filosofia-il-cni-partecipa-alledizione-2019\/\",\"name\":\"Il Cni al Festival della scienza e della filosofia: il CNI partecipa all\u2019edizione 2019 - CFD FEA\/FEM Service\",\"isPartOf\":{\"@id\":\"https:\/\/cfdfeaservice.it\/#website\"},\"datePublished\":\"2019-04-08T01:01:42+00:00\",\"breadcrumb\":{\"@id\":\"https:\/\/cfdfeaservice.it\/index.php\/2019\/04\/08\/il-cni-al-festival-della-scienza-e-della-filosofia-il-cni-partecipa-alledizione-2019\/#breadcrumb\"},\"inLanguage\":\"en-GB\",\"potentialAction\":[{\"@type\":\"ReadAction\",\"target\":[\"https:\/\/cfdfeaservice.it\/index.php\/2019\/04\/08\/il-cni-al-festival-della-scienza-e-della-filosofia-il-cni-partecipa-alledizione-2019\/\"]}]},{\"@type\":\"BreadcrumbList\",\"@id\":\"https:\/\/cfdfeaservice.it\/index.php\/2019\/04\/08\/il-cni-al-festival-della-scienza-e-della-filosofia-il-cni-partecipa-alledizione-2019\/#breadcrumb\",\"itemListElement\":[{\"@type\":\"ListItem\",\"position\":1,\"name\":\"Home\",\"item\":\"https:\/\/cfdfeaservice.it\/\"},{\"@type\":\"ListItem\",\"position\":2,\"name\":\"Il Cni al Festival della scienza e della filosofia: il CNI partecipa all\u2019edizione 2019\"}]},{\"@type\":\"WebSite\",\"@id\":\"https:\/\/cfdfeaservice.it\/#website\",\"url\":\"https:\/\/cfdfeaservice.it\/\",\"name\":\"CFD FEA\/FEM Service\",\"description\":\"Servizi di ingegneria 4.0\",\"publisher\":{\"@id\":\"https:\/\/cfdfeaservice.it\/#organization\"},\"potentialAction\":[{\"@type\":\"SearchAction\",\"target\":{\"@type\":\"EntryPoint\",\"urlTemplate\":\"https:\/\/cfdfeaservice.it\/?s={search_term_string}\"},\"query-input\":{\"@type\":\"PropertyValueSpecification\",\"valueRequired\":true,\"valueName\":\"search_term_string\"}}],\"inLanguage\":\"en-GB\"},{\"@type\":\"Organization\",\"@id\":\"https:\/\/cfdfeaservice.it\/#organization\",\"name\":\"CFD FEA SERVICE SRL\",\"url\":\"https:\/\/cfdfeaservice.it\/\",\"logo\":{\"@type\":\"ImageObject\",\"inLanguage\":\"en-GB\",\"@id\":\"https:\/\/cfdfeaservice.it\/#\/schema\/logo\/image\/\",\"url\":\"https:\/\/i2.wp.com\/cfdfeaservice.it\/wp-content\/uploads\/2018\/07\/CFD-FEA-SERVICE-Compact.png?fit=677%2C178&ssl=1\",\"contentUrl\":\"https:\/\/i2.wp.com\/cfdfeaservice.it\/wp-content\/uploads\/2018\/07\/CFD-FEA-SERVICE-Compact.png?fit=677%2C178&ssl=1\",\"width\":677,\"height\":178,\"caption\":\"CFD FEA SERVICE SRL\"},\"image\":{\"@id\":\"https:\/\/cfdfeaservice.it\/#\/schema\/logo\/image\/\"},\"sameAs\":[\"https:\/\/www.facebook.com\/cfdfeaservice\",\"https:\/\/www.linkedin.com\/company\/11421185\/\",\"https:\/\/www.youtube.com\/channel\/UCr2h1DbpsNDKJSBAgeWMbfA\"]},{\"@type\":\"Person\",\"@id\":\"https:\/\/cfdfeaservice.it\/#\/schema\/person\/c3b6ebdd7f80794fe6e6657f2f5335e7\",\"name\":\"CFD FEA SERVICE\",\"image\":{\"@type\":\"ImageObject\",\"inLanguage\":\"en-GB\",\"@id\":\"https:\/\/cfdfeaservice.it\/#\/schema\/person\/image\/\",\"url\":\"https:\/\/secure.gravatar.com\/avatar\/a34dbcf675cd4152f1184664b3adcb72?s=96&d=mm&r=g\",\"contentUrl\":\"https:\/\/secure.gravatar.com\/avatar\/a34dbcf675cd4152f1184664b3adcb72?s=96&d=mm&r=g\",\"caption\":\"CFD FEA SERVICE\"},\"url\":\"https:\/\/cfdfeaservice.it\/index.php\/author\/cfd-fea-service\/\"}]}<\/script>\n<!-- \/ Yoast SEO plugin. -->","yoast_head_json":{"title":"Il Cni al Festival della scienza e della filosofia: il CNI partecipa all\u2019edizione 2019 - CFD FEA\/FEM Service","robots":{"index":"index","follow":"follow","max-snippet":"max-snippet:-1","max-image-preview":"max-image-preview:large","max-video-preview":"max-video-preview:-1"},"canonical":"https:\/\/cfdfeaservice.it\/index.php\/2019\/04\/08\/il-cni-al-festival-della-scienza-e-della-filosofia-il-cni-partecipa-alledizione-2019\/","og_locale":"en_GB","og_type":"article","og_title":"Il Cni al Festival della scienza e della filosofia: il CNI partecipa all\u2019edizione 2019 - CFD FEA\/FEM Service","og_description":"Dall\u201911 al 14 aprile prossimi si terr\u00e0 a Foligno la nona edizione della Festa di Scienza e Filosofia che quest\u2019anno raggiunger\u00e0 la cifra record di 135 relatori. L\u2019evento \u00e8 organizzato dal Laboratorio di Scienze Sperimentali, presieduto da Maurizio Renzini e diretto da Pierluigi Mingarelli, e dal Comune di Foligno, con [&hellip;]","og_url":"https:\/\/cfdfeaservice.it\/index.php\/2019\/04\/08\/il-cni-al-festival-della-scienza-e-della-filosofia-il-cni-partecipa-alledizione-2019\/","og_site_name":"CFD FEA\/FEM Service","article_publisher":"https:\/\/www.facebook.com\/cfdfeaservice","article_published_time":"2019-04-08T01:01:42+00:00","author":"CFD FEA SERVICE","twitter_card":"summary_large_image","twitter_misc":{"Written by":"CFD FEA SERVICE","Estimated reading time":"1 minute"},"schema":{"@context":"https:\/\/schema.org","@graph":[{"@type":"Article","@id":"https:\/\/cfdfeaservice.it\/index.php\/2019\/04\/08\/il-cni-al-festival-della-scienza-e-della-filosofia-il-cni-partecipa-alledizione-2019\/#article","isPartOf":{"@id":"https:\/\/cfdfeaservice.it\/index.php\/2019\/04\/08\/il-cni-al-festival-della-scienza-e-della-filosofia-il-cni-partecipa-alledizione-2019\/"},"author":{"name":"CFD FEA SERVICE","@id":"https:\/\/cfdfeaservice.it\/#\/schema\/person\/c3b6ebdd7f80794fe6e6657f2f5335e7"},"headline":"Il Cni al Festival della scienza e della filosofia: il CNI partecipa all\u2019edizione 2019","datePublished":"2019-04-08T01:01:42+00:00","mainEntityOfPage":{"@id":"https:\/\/cfdfeaservice.it\/index.php\/2019\/04\/08\/il-cni-al-festival-della-scienza-e-della-filosofia-il-cni-partecipa-alledizione-2019\/"},"wordCount":270,"publisher":{"@id":"https:\/\/cfdfeaservice.it\/#organization"},"articleSection":["Normativa"],"inLanguage":"en-GB"},{"@type":"WebPage","@id":"https:\/\/cfdfeaservice.it\/index.php\/2019\/04\/08\/il-cni-al-festival-della-scienza-e-della-filosofia-il-cni-partecipa-alledizione-2019\/","url":"https:\/\/cfdfeaservice.it\/index.php\/2019\/04\/08\/il-cni-al-festival-della-scienza-e-della-filosofia-il-cni-partecipa-alledizione-2019\/","name":"Il Cni al Festival della scienza e della filosofia: il CNI partecipa all\u2019edizione 2019 - CFD FEA\/FEM Service","isPartOf":{"@id":"https:\/\/cfdfeaservice.it\/#website"},"datePublished":"2019-04-08T01:01:42+00:00","breadcrumb":{"@id":"https:\/\/cfdfeaservice.it\/index.php\/2019\/04\/08\/il-cni-al-festival-della-scienza-e-della-filosofia-il-cni-partecipa-alledizione-2019\/#breadcrumb"},"inLanguage":"en-GB","potentialAction":[{"@type":"ReadAction","target":["https:\/\/cfdfeaservice.it\/index.php\/2019\/04\/08\/il-cni-al-festival-della-scienza-e-della-filosofia-il-cni-partecipa-alledizione-2019\/"]}]},{"@type":"BreadcrumbList","@id":"https:\/\/cfdfeaservice.it\/index.php\/2019\/04\/08\/il-cni-al-festival-della-scienza-e-della-filosofia-il-cni-partecipa-alledizione-2019\/#breadcrumb","itemListElement":[{"@type":"ListItem","position":1,"name":"Home","item":"https:\/\/cfdfeaservice.it\/"},{"@type":"ListItem","position":2,"name":"Il Cni al Festival della scienza e della filosofia: il CNI partecipa all\u2019edizione 2019"}]},{"@type":"WebSite","@id":"https:\/\/cfdfeaservice.it\/#website","url":"https:\/\/cfdfeaservice.it\/","name":"CFD FEA\/FEM Service","description":"Servizi di ingegneria 4.0","publisher":{"@id":"https:\/\/cfdfeaservice.it\/#organization"},"potentialAction":[{"@type":"SearchAction","target":{"@type":"EntryPoint","urlTemplate":"https:\/\/cfdfeaservice.it\/?s={search_term_string}"},"query-input":{"@type":"PropertyValueSpecification","valueRequired":true,"valueName":"search_term_string"}}],"inLanguage":"en-GB"},{"@type":"Organization","@id":"https:\/\/cfdfeaservice.it\/#organization","name":"CFD FEA SERVICE SRL","url":"https:\/\/cfdfeaservice.it\/","logo":{"@type":"ImageObject","inLanguage":"en-GB","@id":"https:\/\/cfdfeaservice.it\/#\/schema\/logo\/image\/","url":"https:\/\/i2.wp.com\/cfdfeaservice.it\/wp-content\/uploads\/2018\/07\/CFD-FEA-SERVICE-Compact.png?fit=677%2C178&ssl=1","contentUrl":"https:\/\/i2.wp.com\/cfdfeaservice.it\/wp-content\/uploads\/2018\/07\/CFD-FEA-SERVICE-Compact.png?fit=677%2C178&ssl=1","width":677,"height":178,"caption":"CFD FEA SERVICE SRL"},"image":{"@id":"https:\/\/cfdfeaservice.it\/#\/schema\/logo\/image\/"},"sameAs":["https:\/\/www.facebook.com\/cfdfeaservice","https:\/\/www.linkedin.com\/company\/11421185\/","https:\/\/www.youtube.com\/channel\/UCr2h1DbpsNDKJSBAgeWMbfA"]},{"@type":"Person","@id":"https:\/\/cfdfeaservice.it\/#\/schema\/person\/c3b6ebdd7f80794fe6e6657f2f5335e7","name":"CFD FEA SERVICE","image":{"@type":"ImageObject","inLanguage":"en-GB","@id":"https:\/\/cfdfeaservice.it\/#\/schema\/person\/image\/","url":"https:\/\/secure.gravatar.com\/avatar\/a34dbcf675cd4152f1184664b3adcb72?s=96&d=mm&r=g","contentUrl":"https:\/\/secure.gravatar.com\/avatar\/a34dbcf675cd4152f1184664b3adcb72?s=96&d=mm&r=g","caption":"CFD FEA SERVICE"},"url":"https:\/\/cfdfeaservice.it\/index.php\/author\/cfd-fea-service\/"}]}},"jetpack_featured_media_url":"","jetpack_shortlink":"https:\/\/wp.me\/p9JrPq-Hx","jetpack_sharing_enabled":true,"_links":{"self":[{"href":"https:\/\/cfdfeaservice.it\/index.php\/wp-json\/wp\/v2\/posts\/2699","targetHints":{"allow":["GET"]}}],"collection":[{"href":"https:\/\/cfdfeaservice.it\/index.php\/wp-json\/wp\/v2\/posts"}],"about":[{"href":"https:\/\/cfdfeaservice.it\/index.php\/wp-json\/wp\/v2\/types\/post"}],"author":[{"embeddable":true,"href":"https:\/\/cfdfeaservice.it\/index.php\/wp-json\/wp\/v2\/users\/8"}],"replies":[{"embeddable":true,"href":"https:\/\/cfdfeaservice.it\/index.php\/wp-json\/wp\/v2\/comments?post=2699"}],"version-history":[{"count":0,"href":"https:\/\/cfdfeaservice.it\/index.php\/wp-json\/wp\/v2\/posts\/2699\/revisions"}],"wp:attachment":[{"href":"https:\/\/cfdfeaservice.it\/index.php\/wp-json\/wp\/v2\/media?parent=2699"}],"wp:term":[{"taxonomy":"category","embeddable":true,"href":"https:\/\/cfdfeaservice.it\/index.php\/wp-json\/wp\/v2\/categories?post=2699"},{"taxonomy":"post_tag","embeddable":true,"href":"https:\/\/cfdfeaservice.it\/index.php\/wp-json\/wp\/v2\/tags?post=2699"}],"curies":[{"name":"wp","href":"https:\/\/api.w.org\/{rel}","templated":true}]}}