{"id":2886,"date":"2019-05-14T03:01:04","date_gmt":"2019-05-14T01:01:04","guid":{"rendered":"https:\/\/cfdfeaservice.it\/index.php\/2019\/05\/14\/aria-compressa-i-cento-anni-di-mattei\/"},"modified":"2019-05-14T03:01:04","modified_gmt":"2019-05-14T01:01:04","slug":"aria-compressa-i-cento-anni-di-mattei","status":"publish","type":"post","link":"https:\/\/cfdfeaservice.it\/index.php\/2019\/05\/14\/aria-compressa-i-cento-anni-di-mattei\/","title":{"rendered":"Aria compressa: i cento anni di Mattei"},"content":{"rendered":"<div>\n<div style=\"margin: 5px 5% 10px 5%;\"><img data-recalc-dims=\"1\" loading=\"lazy\" decoding=\"async\" src=\"https:\/\/i0.wp.com\/www.ilprogettistaindustriale.it\/files\/2019\/05\/13.-Gamma-compressori-Mattei.jpg?resize=750%2C403&#038;ssl=1\" width=\"750\" height=\"403\" title=\" L\u2019attuale gamma dei compressori industriali Mattei.\" alt=\"\"><\/div>\n<div>\n<p>\u00c8 un compleanno speciale quello che quest\u2019anno celebra la <a href=\"https:\/\/www.matteigroup.com\/it\" target=\"_blank\" rel=\"noopener noreferrer\">Ing. Enea Mattei<\/a>, specialista nel settore della progettazione e produzione di apparecchiature per l\u2019aria compressa. Cento anni di storia sono, infatti, una tappa significativa nel percorso evolutivo di un\u2019azienda che, da sempre, guarda al futuro con determinazione e con una visione che punta all\u2019innovazione sostenibile dei suoi prodotti. \u00c8 il 1919 quando l\u2019Ing. Enea Mattei, nato a Morbegno nel 1887 e laureatosi in ingegneria a Bologna nel 1912, decide di rinunciare a un impiego presso il Genio Civile, per il quale aveva prestato servizio durante la Prima Guerra Mondiale, e di intraprendere un\u2019attivit\u00e0 imprenditoriale nel campo dell\u2019aria compressa, dove ancora non esisteva in Italia un\u2019industria specializzata.<\/p>\n<figure id=\"attachment_20055\" style=\"width: 300px\" class=\"wp-caption alignleft\"><a href=\"https:\/\/i0.wp.com\/www.ilprogettistaindustriale.it\/files\/2019\/05\/5.-Mattei-Officina_Via-Feltre-Milano.jpg?ssl=1\"><img data-recalc-dims=\"1\" loading=\"lazy\" decoding=\"async\" data-attachment-id=\"20055\" data-permalink=\"https:\/\/cfdfeaservice.it\/index.php\/2020\/11\/18\/nasce-il-corso-piegatura-della-lamiera\/piegatura-lamiera_o\/\" data-orig-file=\"https:\/\/i0.wp.com\/cfdfeaservice.it\/wp-content\/uploads\/2020\/11\/Piegatura-lamiera_O.jpg?fit=600%2C400&amp;ssl=1\" data-orig-size=\"600,400\" data-comments-opened=\"1\" data-image-meta=\"{&quot;aperture&quot;:&quot;0&quot;,&quot;credit&quot;:&quot;&quot;,&quot;camera&quot;:&quot;&quot;,&quot;caption&quot;:&quot;&quot;,&quot;created_timestamp&quot;:&quot;0&quot;,&quot;copyright&quot;:&quot;&quot;,&quot;focal_length&quot;:&quot;0&quot;,&quot;iso&quot;:&quot;0&quot;,&quot;shutter_speed&quot;:&quot;0&quot;,&quot;title&quot;:&quot;&quot;,&quot;orientation&quot;:&quot;0&quot;}\" data-image-title=\"Piegatura-lamiera_O\" data-image-description=\"\" data-image-caption=\"\" data-medium-file=\"https:\/\/i0.wp.com\/cfdfeaservice.it\/wp-content\/uploads\/2020\/11\/Piegatura-lamiera_O.jpg?fit=300%2C200&amp;ssl=1\" data-large-file=\"https:\/\/i0.wp.com\/cfdfeaservice.it\/wp-content\/uploads\/2020\/11\/Piegatura-lamiera_O.jpg?fit=600%2C400&amp;ssl=1\" class=\"size-medium wp-image-20055\" src=\"https:\/\/i0.wp.com\/www.ilprogettistaindustriale.it\/files\/2019\/05\/5.-Mattei-Officina_Via-Feltre-Milano-300x226.jpg?resize=300%2C226&#038;ssl=1\" alt=\"\" width=\"300\" height=\"226\" srcset=\"https:\/\/www.ilprogettistaindustriale.it\/files\/2019\/05\/5.-Mattei-Officina_Via-Feltre-Milano-300x226.jpg 300w, https:\/\/www.ilprogettistaindustriale.it\/files\/2019\/05\/5.-Mattei-Officina_Via-Feltre-Milano-768x580.jpg 768w, https:\/\/www.ilprogettistaindustriale.it\/files\/2019\/05\/5.-Mattei-Officina_Via-Feltre-Milano-1024x773.jpg 1024w, https:\/\/www.ilprogettistaindustriale.it\/files\/2019\/05\/5.-Mattei-Officina_Via-Feltre-Milano-80x60.jpg 80w, https:\/\/www.ilprogettistaindustriale.it\/files\/2019\/05\/5.-Mattei-Officina_Via-Feltre-Milano-696x525.jpg 696w, https:\/\/www.ilprogettistaindustriale.it\/files\/2019\/05\/5.-Mattei-Officina_Via-Feltre-Milano-1068x806.jpg 1068w, https:\/\/www.ilprogettistaindustriale.it\/files\/2019\/05\/5.-Mattei-Officina_Via-Feltre-Milano-557x420.jpg 557w\" sizes=\"auto, (max-width: 300px) 100vw, 300px\"><\/a><figcaption class=\"wp-caption-text\">Le officine Mattei a Milano negli anni \u201930<\/figcaption><\/figure>\n<p>La storia dell\u2019azienda Mattei, come oggi la conosciamo, inizia dunque nel 1919 in una piccola officina di via Padova a Milano, dove l\u2019Ing. Enea Mattei lavora su residuati bellici acquistati dallo Stato. L\u2019azienda conosce una crescita esponenziale e colleziona qualche primato, come la costruzione del primo compressore con motore diesel nel 1934. In quegli anni la produzione si concentra su compressori a pistone molto potenti (serie L) che conoscono un grande successo in Italia e iniziano a essere esportati nel mondo.<\/p>\n<figure id=\"attachment_20056\" style=\"width: 300px\" class=\"wp-caption alignright\"><a href=\"https:\/\/i0.wp.com\/www.ilprogettistaindustriale.it\/files\/2019\/05\/8.-Primo-Compressore-Mattei_1919.jpg?ssl=1\"><img data-recalc-dims=\"1\" loading=\"lazy\" decoding=\"async\" class=\"size-medium wp-image-20056\" src=\"https:\/\/i0.wp.com\/www.ilprogettistaindustriale.it\/files\/2019\/05\/8.-Primo-Compressore-Mattei_1919-300x196.jpg?resize=300%2C196&#038;ssl=1\" alt=\"\" width=\"300\" height=\"196\" srcset=\"https:\/\/www.ilprogettistaindustriale.it\/files\/2019\/05\/8.-Primo-Compressore-Mattei_1919-300x196.jpg 300w, https:\/\/www.ilprogettistaindustriale.it\/files\/2019\/05\/8.-Primo-Compressore-Mattei_1919-768x503.jpg 768w, https:\/\/www.ilprogettistaindustriale.it\/files\/2019\/05\/8.-Primo-Compressore-Mattei_1919-1024x670.jpg 1024w, https:\/\/www.ilprogettistaindustriale.it\/files\/2019\/05\/8.-Primo-Compressore-Mattei_1919-696x456.jpg 696w, https:\/\/www.ilprogettistaindustriale.it\/files\/2019\/05\/8.-Primo-Compressore-Mattei_1919-741x486.jpg 741w, https:\/\/www.ilprogettistaindustriale.it\/files\/2019\/05\/8.-Primo-Compressore-Mattei_1919-1068x699.jpg 1068w, https:\/\/www.ilprogettistaindustriale.it\/files\/2019\/05\/8.-Primo-Compressore-Mattei_1919-642x420.jpg 642w\" sizes=\"auto, (max-width: 300px) 100vw, 300px\"><\/a><figcaption class=\"wp-caption-text\">Il primo compressore Mattei, 1919.<\/figcaption><\/figure>\n<p><strong>Anni dinamici<\/strong><\/p>\n<p>Gli anni che seguono la Seconda Guerra Mondiale sono ricchi di dinamismo per l\u2019azienda. Una crescita che prosegue anche dopo la scomparsa dell\u2019Ing. Mattei quando, nel 1958, anticipa la richiesta di compressori con pesi e ingombri ridotti introducendo l\u2019innovativa tecnologia rotativa a palette, che ancora oggi \u00e8 il suo marchio di fabbrica. Nel 1960 la trasformazione in societ\u00e0 per azioni e, nel 1962, l\u2019acquisizione da parte della famiglia Contaldi, gi\u00e0 proprietaria della OMIC (Officine Meccaniche Ing. Contaldi), azienda fondata a Napoli nel 1866 e specializzata nel settore dell\u2019energia. Giulio Contaldi assume il ruolo di amministratore delegato della Mattei e la sede di Vimodrone diventa il quartier generale. Dagli anni \u201980, accanto all\u2019apertura dello stabilimento di Verdello-Zingonia (BG), inizia una massiccia espansione all\u2019estero con la creazione di filiali negli Stati Uniti, Francia, Gran Bretagna e Germania; una vocazione internazionale che continua negli anni 2000 con i nuovi uffici di rappresentanza in Russia, Spagna e Singapore e l\u2019inaugurazione del primo sito produttivo in Cina nel 2007, diventato Mattei Suzhou nel 2015. Nello stesso anno, accanto allo sviluppo dell\u2019attivit\u00e0 sui mercati del Sud-Est Asiatico, viene acquisita la societ\u00e0 inglese Winton Engineering Ltd, specialista in soluzioni per la fornitura di \u201cenergia on board\u201d. Mattei amplia il suo modo di fare business e, oltre ai compressori industriali, dagli anni \u201980 inizia a fornire il solo gruppo pompante per applicazioni OEM: le prime partnership, che durano ancora oggi, sono quelle del settore veicolare alle quali si sono affiancate negli ultimi anni anche quelle nel settore del recupero dei gas.<\/p>\n<p><strong>Innovazione continua<\/strong><\/p>\n<figure id=\"attachment_20057\" style=\"width: 300px\" class=\"wp-caption alignright\"><a href=\"https:\/\/i0.wp.com\/www.ilprogettistaindustriale.it\/files\/2019\/05\/14.-MatteiXtreme90.jpg?ssl=1\"><img data-recalc-dims=\"1\" loading=\"lazy\" decoding=\"async\" class=\"size-medium wp-image-20057\" src=\"https:\/\/i0.wp.com\/www.ilprogettistaindustriale.it\/files\/2019\/05\/14.-MatteiXtreme90-300x272.jpg?resize=300%2C272&#038;ssl=1\" alt=\"\" width=\"300\" height=\"272\" srcset=\"https:\/\/www.ilprogettistaindustriale.it\/files\/2019\/05\/14.-MatteiXtreme90-300x272.jpg 300w, https:\/\/www.ilprogettistaindustriale.it\/files\/2019\/05\/14.-MatteiXtreme90-768x697.jpg 768w, https:\/\/www.ilprogettistaindustriale.it\/files\/2019\/05\/14.-MatteiXtreme90-1024x929.jpg 1024w, https:\/\/www.ilprogettistaindustriale.it\/files\/2019\/05\/14.-MatteiXtreme90-696x632.jpg 696w, https:\/\/www.ilprogettistaindustriale.it\/files\/2019\/05\/14.-MatteiXtreme90-1068x969.jpg 1068w, https:\/\/www.ilprogettistaindustriale.it\/files\/2019\/05\/14.-MatteiXtreme90-463x420.jpg 463w\" sizes=\"auto, (max-width: 300px) 100vw, 300px\"><\/a><figcaption class=\"wp-caption-text\">Compressore ad alta efficienza Mattei Xtreme 90i presentato all\u2019edizione 2019 di Hannover Messe.<\/figcaption><\/figure>\n<p>Oggi l\u2019azienda conta 250 dipendenti e 8 filiali nel mondo, produce oltre 6.500 compressori all\u2019anno e li porta in pi\u00f9 di 100 Paesi, per una quota d\u2019esportazione del 75%. Il fil rouge della storia di Mattei \u00e8 l\u2019innovazione continua. Nata dall\u2019intuizione del suo fondatore delle grandi potenzialit\u00e0 dell\u2019aria compressa in campo industriale, l\u2019azienda fin dai primi anni si \u00e8 distinta per l\u2019affidabilit\u00e0, la compattezza, la silenziosit\u00e0 e l\u2019efficienza delle sue macchine, caratteristiche connaturate alla tecnologia rotativa a palette. L\u2019efficienza energetica \u00e8 l\u2019aspetto su cui negli anni pi\u00f9 recenti si \u00e8 concentrata l\u2019attivit\u00e0 di ricerca e sviluppo, per la realizzazione di soluzioni ecologicamente ed economicamente pi\u00f9 sostenibili. Nel 1998 nasce la prima gamma Mattei a velocit\u00e0 variabile denominata Optima; nel 2000 \u00e8 la volta della serie ad alta efficienza Maxima che, con una velocit\u00e0 di rotazione di soli 1.000 giri\/min, \u00e8 pensata per applicazioni in cui si richiede una fornitura di aria costante e uniforme nel tempo. Agli obiettivi \u201cgreen\u201d di Mattei contribuiscono anche i sistemi di controllo, che garantiscono una riduzione dei consumi di energia fino al 35%, i sistemi di recupero fino all\u201980% del calore industriale e il software di analisi dei consumi MIEM, gi\u00e0 ideato alla fine degli anni \u201990. L\u2019ultima evoluzione delle macchine a risparmio energetico \u00e8 la nuova gamma Mattei Xtreme 90i, presentata alla recente edizione di Hannover Messe, che offre prestazioni ancora pi\u00f9 elevate in termini di efficienza e di eco-sostenibilit\u00e0.<\/p>\n<p><strong>Investimenti in ricerca e sviluppo<\/strong><\/p>\n<p>Gli investimenti in R&#038;D hanno permesso a Mattei di affrontare anche le fasi congiunturali pi\u00f9 difficili, puntando sull\u2019elevata customizzazione del prodotto e sui nuovi mercati legati alle fonti energetiche alternative: dall\u2019apertura al mondo del recupero dei biogas, allo studio di soluzioni su misura per applicazioni veicolari, con particolare riferimento alla mobilit\u00e0 elettrica. Sotto il profilo imprenditoriale, l\u2019azienda oggi \u00e8 guidata dai figli di Giulio Contaldi, Giulio e Silvia, che, consapevoli del patrimonio di esperienza e valori acquisito in un secolo di attivit\u00e0 e proiettati verso le nuove sfide cui l\u2019industria \u00e8 chiamata a rispondere, cos\u00ec concludono: \u201cIl traguardo dei 100 anni di storia, che poche aziende italiane possono vantare, ci riempie di orgoglio per il lavoro svolto e per i risultati raggiunti nel mondo dell\u2019aria compressa, di cui siamo stati pionieri con la grande intuizione della tecnologia rotativa a palette. C\u2019\u00e8 per\u00f2 anche la consapevolezza che questo sia un nuovo punto di partenza, non di arrivo. Diamo il massimo nel nostro lavoro quotidiano, ma abbiamo sempre un occhio proiettato verso un futuro sostenibile, a cui sono dedicati lo studio di compressori ancora pi\u00f9 efficienti e l\u2019adozione di modelli organizzativi del lavoro secondo la filosofia del Lean Management\u201d.<\/p>\n<\/div>\n<p>L&#8217;articolo <a rel=\"nofollow\" href=\"https:\/\/www.ilprogettistaindustriale.it\/aria-compressa-i-cento-anni-di-mattei\/\">Aria compressa: i cento anni di Mattei<\/a> sembra essere il primo su <a rel=\"nofollow\" href=\"https:\/\/www.ilprogettistaindustriale.it\/\">Il Progettista Industriale<\/a>.<\/p>\n<\/div>\n<p><a href=\"https:\/\/www.ilprogettistaindustriale.it\/aria-compressa-i-cento-anni-di-mattei\/\">Vai alla fonte.<\/a><\/p>\n<p>Autore: Redazione<\/p>\n<p class=\"wpematico_credit\"><small>Powered by <a href=\"http:\/\/www.wpematico.com\" target=\"_blank\" rel=\"noopener noreferrer\">WPeMatico<\/a><\/small><\/p>\n<p><strong>_________________________________<\/strong><\/p>\n<p><strong>CFD FEA Service SRL<\/strong> &egrave; una societ&agrave; di servizi che offre <em>consulenza<\/em> e <em>formazione<\/em> in ambito <strong>ingegneria<\/strong> e <strong>IT<\/strong>. Se questo post\/prodotto ti &egrave; piaciuto ti invitiamo a:<\/p>\n<ul>\n<li>visionare il nostro <a href=\"https:\/\/cfdfeaservice.it\/index.php\/blog\/\" target=\"_blank\" rel=\"noopener\">blog<\/a><\/li>\n<li>visionare i <a href=\"https:\/\/cfdfeaservice.it\/index.php\/prodotti\/\" target=\"_blank\" rel=\"noopener\">software<\/a> disponibili - anche per la formazione<\/li>\n<li>iscriverti alla nostra newsletter<\/li>\n<li>entrare in contatto con noi attraverso la <a href=\"https:\/\/cfdfeaservice.it\/#ribbon\" target=\"_blank\" rel=\"noopener\">pagina contatti<\/a><\/li>\n<\/ul>\n<p>Saremo lieti di seguire le tue richieste e fornire risposte alle tue domande.<\/p>","protected":false},"excerpt":{"rendered":"<p>\u00c8 un compleanno speciale quello che quest\u2019anno celebra la Ing. Enea Mattei, specialista nel settore della progettazione e produzione di apparecchiature per l\u2019aria compressa. Cento anni di storia sono, infatti, una tappa significativa nel percorso evolutivo di un\u2019azienda che, da sempre, guarda al futuro con determinazione e con una visione [&hellip;]<\/p>\n","protected":false},"author":8,"featured_media":0,"comment_status":"closed","ping_status":"closed","sticky":false,"template":"","format":"standard","meta":{"jetpack_post_was_ever_published":false,"_jetpack_newsletter_access":"","_jetpack_dont_email_post_to_subs":false,"_jetpack_newsletter_tier_id":0,"_jetpack_memberships_contains_paywalled_content":false,"_jetpack_memberships_contains_paid_content":false,"footnotes":""},"categories":[57],"tags":[],"class_list":["post-2886","post","type-post","status-publish","format-standard","hentry","category-normativa"],"yoast_head":"<!-- This site is optimized with the Yoast SEO plugin v26.8 - https:\/\/yoast.com\/product\/yoast-seo-wordpress\/ -->\n<title>Aria compressa: i cento anni di Mattei - CFD FEA\/FEM Service<\/title>\n<meta name=\"robots\" content=\"index, follow, max-snippet:-1, max-image-preview:large, max-video-preview:-1\" \/>\n<link rel=\"canonical\" href=\"https:\/\/cfdfeaservice.it\/index.php\/2019\/05\/14\/aria-compressa-i-cento-anni-di-mattei\/\" \/>\n<meta property=\"og:locale\" content=\"en_GB\" \/>\n<meta property=\"og:type\" content=\"article\" \/>\n<meta property=\"og:title\" content=\"Aria compressa: i cento anni di Mattei - CFD FEA\/FEM Service\" \/>\n<meta property=\"og:description\" content=\"\u00c8 un compleanno speciale quello che quest\u2019anno celebra la Ing. Enea Mattei, specialista nel settore della progettazione e produzione di apparecchiature per l\u2019aria compressa. Cento anni di storia sono, infatti, una tappa significativa nel percorso evolutivo di un\u2019azienda che, da sempre, guarda al futuro con determinazione e con una visione [&hellip;]\" \/>\n<meta property=\"og:url\" content=\"https:\/\/cfdfeaservice.it\/index.php\/2019\/05\/14\/aria-compressa-i-cento-anni-di-mattei\/\" \/>\n<meta property=\"og:site_name\" content=\"CFD FEA\/FEM Service\" \/>\n<meta property=\"article:publisher\" content=\"https:\/\/www.facebook.com\/cfdfeaservice\" \/>\n<meta property=\"article:published_time\" content=\"2019-05-14T01:01:04+00:00\" \/>\n<meta property=\"og:image\" content=\"https:\/\/www.ilprogettistaindustriale.it\/files\/2019\/05\/13.-Gamma-compressori-Mattei.jpg\" \/>\n<meta name=\"author\" content=\"CFD FEA SERVICE\" \/>\n<meta name=\"twitter:card\" content=\"summary_large_image\" \/>\n<meta name=\"twitter:label1\" content=\"Written by\" \/>\n\t<meta name=\"twitter:data1\" content=\"CFD FEA SERVICE\" \/>\n\t<meta name=\"twitter:label2\" content=\"Estimated reading time\" \/>\n\t<meta name=\"twitter:data2\" content=\"5 minutes\" \/>\n<script type=\"application\/ld+json\" class=\"yoast-schema-graph\">{\"@context\":\"https:\/\/schema.org\",\"@graph\":[{\"@type\":\"Article\",\"@id\":\"https:\/\/cfdfeaservice.it\/index.php\/2019\/05\/14\/aria-compressa-i-cento-anni-di-mattei\/#article\",\"isPartOf\":{\"@id\":\"https:\/\/cfdfeaservice.it\/index.php\/2019\/05\/14\/aria-compressa-i-cento-anni-di-mattei\/\"},\"author\":{\"name\":\"CFD FEA SERVICE\",\"@id\":\"https:\/\/cfdfeaservice.it\/#\/schema\/person\/c3b6ebdd7f80794fe6e6657f2f5335e7\"},\"headline\":\"Aria compressa: i cento anni di Mattei\",\"datePublished\":\"2019-05-14T01:01:04+00:00\",\"mainEntityOfPage\":{\"@id\":\"https:\/\/cfdfeaservice.it\/index.php\/2019\/05\/14\/aria-compressa-i-cento-anni-di-mattei\/\"},\"wordCount\":951,\"publisher\":{\"@id\":\"https:\/\/cfdfeaservice.it\/#organization\"},\"image\":{\"@id\":\"https:\/\/cfdfeaservice.it\/index.php\/2019\/05\/14\/aria-compressa-i-cento-anni-di-mattei\/#primaryimage\"},\"thumbnailUrl\":\"https:\/\/www.ilprogettistaindustriale.it\/files\/2019\/05\/13.-Gamma-compressori-Mattei.jpg\",\"articleSection\":[\"Normativa\"],\"inLanguage\":\"en-GB\"},{\"@type\":\"WebPage\",\"@id\":\"https:\/\/cfdfeaservice.it\/index.php\/2019\/05\/14\/aria-compressa-i-cento-anni-di-mattei\/\",\"url\":\"https:\/\/cfdfeaservice.it\/index.php\/2019\/05\/14\/aria-compressa-i-cento-anni-di-mattei\/\",\"name\":\"Aria compressa: i cento anni di Mattei - CFD FEA\/FEM Service\",\"isPartOf\":{\"@id\":\"https:\/\/cfdfeaservice.it\/#website\"},\"primaryImageOfPage\":{\"@id\":\"https:\/\/cfdfeaservice.it\/index.php\/2019\/05\/14\/aria-compressa-i-cento-anni-di-mattei\/#primaryimage\"},\"image\":{\"@id\":\"https:\/\/cfdfeaservice.it\/index.php\/2019\/05\/14\/aria-compressa-i-cento-anni-di-mattei\/#primaryimage\"},\"thumbnailUrl\":\"https:\/\/www.ilprogettistaindustriale.it\/files\/2019\/05\/13.-Gamma-compressori-Mattei.jpg\",\"datePublished\":\"2019-05-14T01:01:04+00:00\",\"breadcrumb\":{\"@id\":\"https:\/\/cfdfeaservice.it\/index.php\/2019\/05\/14\/aria-compressa-i-cento-anni-di-mattei\/#breadcrumb\"},\"inLanguage\":\"en-GB\",\"potentialAction\":[{\"@type\":\"ReadAction\",\"target\":[\"https:\/\/cfdfeaservice.it\/index.php\/2019\/05\/14\/aria-compressa-i-cento-anni-di-mattei\/\"]}]},{\"@type\":\"ImageObject\",\"inLanguage\":\"en-GB\",\"@id\":\"https:\/\/cfdfeaservice.it\/index.php\/2019\/05\/14\/aria-compressa-i-cento-anni-di-mattei\/#primaryimage\",\"url\":\"https:\/\/www.ilprogettistaindustriale.it\/files\/2019\/05\/13.-Gamma-compressori-Mattei.jpg\",\"contentUrl\":\"https:\/\/www.ilprogettistaindustriale.it\/files\/2019\/05\/13.-Gamma-compressori-Mattei.jpg\"},{\"@type\":\"BreadcrumbList\",\"@id\":\"https:\/\/cfdfeaservice.it\/index.php\/2019\/05\/14\/aria-compressa-i-cento-anni-di-mattei\/#breadcrumb\",\"itemListElement\":[{\"@type\":\"ListItem\",\"position\":1,\"name\":\"Home\",\"item\":\"https:\/\/cfdfeaservice.it\/\"},{\"@type\":\"ListItem\",\"position\":2,\"name\":\"Aria compressa: i cento anni di Mattei\"}]},{\"@type\":\"WebSite\",\"@id\":\"https:\/\/cfdfeaservice.it\/#website\",\"url\":\"https:\/\/cfdfeaservice.it\/\",\"name\":\"CFD FEA\/FEM Service\",\"description\":\"Servizi di ingegneria 4.0\",\"publisher\":{\"@id\":\"https:\/\/cfdfeaservice.it\/#organization\"},\"potentialAction\":[{\"@type\":\"SearchAction\",\"target\":{\"@type\":\"EntryPoint\",\"urlTemplate\":\"https:\/\/cfdfeaservice.it\/?s={search_term_string}\"},\"query-input\":{\"@type\":\"PropertyValueSpecification\",\"valueRequired\":true,\"valueName\":\"search_term_string\"}}],\"inLanguage\":\"en-GB\"},{\"@type\":\"Organization\",\"@id\":\"https:\/\/cfdfeaservice.it\/#organization\",\"name\":\"CFD FEA SERVICE SRL\",\"url\":\"https:\/\/cfdfeaservice.it\/\",\"logo\":{\"@type\":\"ImageObject\",\"inLanguage\":\"en-GB\",\"@id\":\"https:\/\/cfdfeaservice.it\/#\/schema\/logo\/image\/\",\"url\":\"https:\/\/i2.wp.com\/cfdfeaservice.it\/wp-content\/uploads\/2018\/07\/CFD-FEA-SERVICE-Compact.png?fit=677%2C178&ssl=1\",\"contentUrl\":\"https:\/\/i2.wp.com\/cfdfeaservice.it\/wp-content\/uploads\/2018\/07\/CFD-FEA-SERVICE-Compact.png?fit=677%2C178&ssl=1\",\"width\":677,\"height\":178,\"caption\":\"CFD FEA SERVICE SRL\"},\"image\":{\"@id\":\"https:\/\/cfdfeaservice.it\/#\/schema\/logo\/image\/\"},\"sameAs\":[\"https:\/\/www.facebook.com\/cfdfeaservice\",\"https:\/\/www.linkedin.com\/company\/11421185\/\",\"https:\/\/www.youtube.com\/channel\/UCr2h1DbpsNDKJSBAgeWMbfA\"]},{\"@type\":\"Person\",\"@id\":\"https:\/\/cfdfeaservice.it\/#\/schema\/person\/c3b6ebdd7f80794fe6e6657f2f5335e7\",\"name\":\"CFD FEA SERVICE\",\"image\":{\"@type\":\"ImageObject\",\"inLanguage\":\"en-GB\",\"@id\":\"https:\/\/cfdfeaservice.it\/#\/schema\/person\/image\/\",\"url\":\"https:\/\/secure.gravatar.com\/avatar\/a34dbcf675cd4152f1184664b3adcb72?s=96&d=mm&r=g\",\"contentUrl\":\"https:\/\/secure.gravatar.com\/avatar\/a34dbcf675cd4152f1184664b3adcb72?s=96&d=mm&r=g\",\"caption\":\"CFD FEA SERVICE\"},\"url\":\"https:\/\/cfdfeaservice.it\/index.php\/author\/cfd-fea-service\/\"}]}<\/script>\n<!-- \/ Yoast SEO plugin. -->","yoast_head_json":{"title":"Aria compressa: i cento anni di Mattei - CFD FEA\/FEM Service","robots":{"index":"index","follow":"follow","max-snippet":"max-snippet:-1","max-image-preview":"max-image-preview:large","max-video-preview":"max-video-preview:-1"},"canonical":"https:\/\/cfdfeaservice.it\/index.php\/2019\/05\/14\/aria-compressa-i-cento-anni-di-mattei\/","og_locale":"en_GB","og_type":"article","og_title":"Aria compressa: i cento anni di Mattei - CFD FEA\/FEM Service","og_description":"\u00c8 un compleanno speciale quello che quest\u2019anno celebra la Ing. Enea Mattei, specialista nel settore della progettazione e produzione di apparecchiature per l\u2019aria compressa. Cento anni di storia sono, infatti, una tappa significativa nel percorso evolutivo di un\u2019azienda che, da sempre, guarda al futuro con determinazione e con una visione [&hellip;]","og_url":"https:\/\/cfdfeaservice.it\/index.php\/2019\/05\/14\/aria-compressa-i-cento-anni-di-mattei\/","og_site_name":"CFD FEA\/FEM Service","article_publisher":"https:\/\/www.facebook.com\/cfdfeaservice","article_published_time":"2019-05-14T01:01:04+00:00","og_image":[{"url":"https:\/\/www.ilprogettistaindustriale.it\/files\/2019\/05\/13.-Gamma-compressori-Mattei.jpg","type":"","width":"","height":""}],"author":"CFD FEA SERVICE","twitter_card":"summary_large_image","twitter_misc":{"Written by":"CFD FEA SERVICE","Estimated reading time":"5 minutes"},"schema":{"@context":"https:\/\/schema.org","@graph":[{"@type":"Article","@id":"https:\/\/cfdfeaservice.it\/index.php\/2019\/05\/14\/aria-compressa-i-cento-anni-di-mattei\/#article","isPartOf":{"@id":"https:\/\/cfdfeaservice.it\/index.php\/2019\/05\/14\/aria-compressa-i-cento-anni-di-mattei\/"},"author":{"name":"CFD FEA SERVICE","@id":"https:\/\/cfdfeaservice.it\/#\/schema\/person\/c3b6ebdd7f80794fe6e6657f2f5335e7"},"headline":"Aria compressa: i cento anni di Mattei","datePublished":"2019-05-14T01:01:04+00:00","mainEntityOfPage":{"@id":"https:\/\/cfdfeaservice.it\/index.php\/2019\/05\/14\/aria-compressa-i-cento-anni-di-mattei\/"},"wordCount":951,"publisher":{"@id":"https:\/\/cfdfeaservice.it\/#organization"},"image":{"@id":"https:\/\/cfdfeaservice.it\/index.php\/2019\/05\/14\/aria-compressa-i-cento-anni-di-mattei\/#primaryimage"},"thumbnailUrl":"https:\/\/www.ilprogettistaindustriale.it\/files\/2019\/05\/13.-Gamma-compressori-Mattei.jpg","articleSection":["Normativa"],"inLanguage":"en-GB"},{"@type":"WebPage","@id":"https:\/\/cfdfeaservice.it\/index.php\/2019\/05\/14\/aria-compressa-i-cento-anni-di-mattei\/","url":"https:\/\/cfdfeaservice.it\/index.php\/2019\/05\/14\/aria-compressa-i-cento-anni-di-mattei\/","name":"Aria compressa: i cento anni di Mattei - CFD FEA\/FEM Service","isPartOf":{"@id":"https:\/\/cfdfeaservice.it\/#website"},"primaryImageOfPage":{"@id":"https:\/\/cfdfeaservice.it\/index.php\/2019\/05\/14\/aria-compressa-i-cento-anni-di-mattei\/#primaryimage"},"image":{"@id":"https:\/\/cfdfeaservice.it\/index.php\/2019\/05\/14\/aria-compressa-i-cento-anni-di-mattei\/#primaryimage"},"thumbnailUrl":"https:\/\/www.ilprogettistaindustriale.it\/files\/2019\/05\/13.-Gamma-compressori-Mattei.jpg","datePublished":"2019-05-14T01:01:04+00:00","breadcrumb":{"@id":"https:\/\/cfdfeaservice.it\/index.php\/2019\/05\/14\/aria-compressa-i-cento-anni-di-mattei\/#breadcrumb"},"inLanguage":"en-GB","potentialAction":[{"@type":"ReadAction","target":["https:\/\/cfdfeaservice.it\/index.php\/2019\/05\/14\/aria-compressa-i-cento-anni-di-mattei\/"]}]},{"@type":"ImageObject","inLanguage":"en-GB","@id":"https:\/\/cfdfeaservice.it\/index.php\/2019\/05\/14\/aria-compressa-i-cento-anni-di-mattei\/#primaryimage","url":"https:\/\/www.ilprogettistaindustriale.it\/files\/2019\/05\/13.-Gamma-compressori-Mattei.jpg","contentUrl":"https:\/\/www.ilprogettistaindustriale.it\/files\/2019\/05\/13.-Gamma-compressori-Mattei.jpg"},{"@type":"BreadcrumbList","@id":"https:\/\/cfdfeaservice.it\/index.php\/2019\/05\/14\/aria-compressa-i-cento-anni-di-mattei\/#breadcrumb","itemListElement":[{"@type":"ListItem","position":1,"name":"Home","item":"https:\/\/cfdfeaservice.it\/"},{"@type":"ListItem","position":2,"name":"Aria compressa: i cento anni di Mattei"}]},{"@type":"WebSite","@id":"https:\/\/cfdfeaservice.it\/#website","url":"https:\/\/cfdfeaservice.it\/","name":"CFD FEA\/FEM Service","description":"Servizi di ingegneria 4.0","publisher":{"@id":"https:\/\/cfdfeaservice.it\/#organization"},"potentialAction":[{"@type":"SearchAction","target":{"@type":"EntryPoint","urlTemplate":"https:\/\/cfdfeaservice.it\/?s={search_term_string}"},"query-input":{"@type":"PropertyValueSpecification","valueRequired":true,"valueName":"search_term_string"}}],"inLanguage":"en-GB"},{"@type":"Organization","@id":"https:\/\/cfdfeaservice.it\/#organization","name":"CFD FEA SERVICE SRL","url":"https:\/\/cfdfeaservice.it\/","logo":{"@type":"ImageObject","inLanguage":"en-GB","@id":"https:\/\/cfdfeaservice.it\/#\/schema\/logo\/image\/","url":"https:\/\/i2.wp.com\/cfdfeaservice.it\/wp-content\/uploads\/2018\/07\/CFD-FEA-SERVICE-Compact.png?fit=677%2C178&ssl=1","contentUrl":"https:\/\/i2.wp.com\/cfdfeaservice.it\/wp-content\/uploads\/2018\/07\/CFD-FEA-SERVICE-Compact.png?fit=677%2C178&ssl=1","width":677,"height":178,"caption":"CFD FEA SERVICE SRL"},"image":{"@id":"https:\/\/cfdfeaservice.it\/#\/schema\/logo\/image\/"},"sameAs":["https:\/\/www.facebook.com\/cfdfeaservice","https:\/\/www.linkedin.com\/company\/11421185\/","https:\/\/www.youtube.com\/channel\/UCr2h1DbpsNDKJSBAgeWMbfA"]},{"@type":"Person","@id":"https:\/\/cfdfeaservice.it\/#\/schema\/person\/c3b6ebdd7f80794fe6e6657f2f5335e7","name":"CFD FEA SERVICE","image":{"@type":"ImageObject","inLanguage":"en-GB","@id":"https:\/\/cfdfeaservice.it\/#\/schema\/person\/image\/","url":"https:\/\/secure.gravatar.com\/avatar\/a34dbcf675cd4152f1184664b3adcb72?s=96&d=mm&r=g","contentUrl":"https:\/\/secure.gravatar.com\/avatar\/a34dbcf675cd4152f1184664b3adcb72?s=96&d=mm&r=g","caption":"CFD FEA SERVICE"},"url":"https:\/\/cfdfeaservice.it\/index.php\/author\/cfd-fea-service\/"}]}},"jetpack_featured_media_url":"","jetpack_shortlink":"https:\/\/wp.me\/p9JrPq-Ky","jetpack_sharing_enabled":true,"_links":{"self":[{"href":"https:\/\/cfdfeaservice.it\/index.php\/wp-json\/wp\/v2\/posts\/2886","targetHints":{"allow":["GET"]}}],"collection":[{"href":"https:\/\/cfdfeaservice.it\/index.php\/wp-json\/wp\/v2\/posts"}],"about":[{"href":"https:\/\/cfdfeaservice.it\/index.php\/wp-json\/wp\/v2\/types\/post"}],"author":[{"embeddable":true,"href":"https:\/\/cfdfeaservice.it\/index.php\/wp-json\/wp\/v2\/users\/8"}],"replies":[{"embeddable":true,"href":"https:\/\/cfdfeaservice.it\/index.php\/wp-json\/wp\/v2\/comments?post=2886"}],"version-history":[{"count":0,"href":"https:\/\/cfdfeaservice.it\/index.php\/wp-json\/wp\/v2\/posts\/2886\/revisions"}],"wp:attachment":[{"href":"https:\/\/cfdfeaservice.it\/index.php\/wp-json\/wp\/v2\/media?parent=2886"}],"wp:term":[{"taxonomy":"category","embeddable":true,"href":"https:\/\/cfdfeaservice.it\/index.php\/wp-json\/wp\/v2\/categories?post=2886"},{"taxonomy":"post_tag","embeddable":true,"href":"https:\/\/cfdfeaservice.it\/index.php\/wp-json\/wp\/v2\/tags?post=2886"}],"curies":[{"name":"wp","href":"https:\/\/api.w.org\/{rel}","templated":true}]}}